{"id":10876,"date":"2022-07-07T12:37:54","date_gmt":"2022-07-07T15:37:54","guid":{"rendered":"https:\/\/acontecenafronteira.com.br\/?p=10876"},"modified":"2022-07-07T12:37:54","modified_gmt":"2022-07-07T15:37:54","slug":"pre-conferencias-municipais-de-turismo-definem-pautas-para-votacao-na-4a-conferencia-municipal-de-turismo","status":"publish","type":"post","link":"https:\/\/acontecenafronteira.com.br\/index.php\/2022\/07\/07\/pre-conferencias-municipais-de-turismo-definem-pautas-para-votacao-na-4a-conferencia-municipal-de-turismo\/","title":{"rendered":"Pr\u00e9-confer\u00eancias municipais de turismo definem pautas para vota\u00e7\u00e3o na 4\u00aa Confer\u00eancia Municipal de Turismo"},"content":{"rendered":"\n<p>Os temas levantados nos cinco encontros ser\u00e3o apresentados para a popula\u00e7\u00e3o durante a confer\u00eancia, no dia 16 de julho, para que sejam elencadas as prioridades de resolu\u00e7\u00e3o<\/p>\n\n\n\n<p>Data de publica\u00e7\u00e3o:&nbsp;<strong>07\/07\/2022<\/strong><\/p>\n\n\n\n<p>No dia 16 de julho, importantes decis\u00f5es sobre o futuro do setor tur\u00edstico de Foz do Igua\u00e7u ser\u00e3o tomadas durante a 4\u00aa Confer\u00eancia Municipal de Turismo, que dar\u00e1 base para o Plano Municipal de Turismo. Os pontos que ser\u00e3o votados no evento foram definidos durante as cinco pr\u00e9-confer\u00eancias, que reuniram cerca de 350 pessoas, entre membros da sociedade civil, empres\u00e1rios, estudantes.<br><br>Todas as 24 problem\u00e1ticas levantadas dentro das oito \u00e1reas de interesse definidas, bem como as causas e ideias para a solu\u00e7\u00e3o, ser\u00e3o apresentadas pela comiss\u00e3o t\u00e9cnica durante a Confer\u00eancia, que come\u00e7a \u00e0s 14h, na sede da Secretaria de Turismo e Projetos Estrat\u00e9gicos.<br><br>A popula\u00e7\u00e3o interessada em participar poder\u00e1 votar e elencar as prioridades de resolu\u00e7\u00e3o para os setores de: Infraestrutura, Meio Ambiente, Governan\u00e7a, Legisla\u00e7\u00e3o, Mercado de Trabalho, Economia, Cultura, Informa\u00e7\u00e3o e Comunica\u00e7\u00e3o.<br><br>\u201cOs cinco encontros foram marcados por uma forte participa\u00e7\u00e3o popular, o que demonstra a relev\u00e2ncia do turismo para os igua\u00e7uenses. Ouvindo esse p\u00fablico, podemos tra\u00e7ar um panorama sobre o atual modelo de gest\u00e3o e promover o debate para um setor que seja bom para todos\u201d, afirmou o secret\u00e1rio de Turismo e Projetos Estrat\u00e9gicos, Paulo Angeli.<br><br><strong>Atua\u00e7\u00e3o integrada<br><br><\/strong>Os eventos foram organizados pelas comiss\u00f5es de Gest\u00e3o e T\u00e9cnica, compostas pela Secretaria de Turismo e Projetos Estrat\u00e9gicos, Fundo Igua\u00e7u, Conselho Municipal de Turismo (Comtur), Unioeste, Sindhoteis, Visit Iguassu, Itaipu Binacional, PTI-BR, C\u00e2mara de Turismo, Paran\u00e1 Turismo, Polo Iguassu, ACIFI e conta com apoio de outras institui\u00e7\u00f5es como SENAC e SEBRAE.<br><br>\u201cEstamos saindo de uns dos piores momentos do nosso turismo, e em alguns aspectos, saindo mais fortes como destino. Mais do que nunca, o turismo precisa ser enxergado de uma forma diferente, como agregador \u00e0 cidade e seus cidad\u00e3os, resultando em qualidade de vida e trabalhado com inova\u00e7\u00e3o para melhorar a experi\u00eancia de visita\u00e7\u00e3o. Foz tem muito potencial para ir al\u00e9m e precisamos, juntos, trabalhar para isso\u201d, contou Yuri Benites, presidente do Comtur.<\/p>\n","protected":false},"excerpt":{"rendered":"<p>Os temas levantados nos cinco encontros ser\u00e3o apresentados para a popula\u00e7\u00e3o durante a confer\u00eancia, no dia 16 de julho, para que sejam elencadas as prioridades de resolu\u00e7\u00e3o Data de publica\u00e7\u00e3o:&nbsp;07\/07\/2022 No dia 16 de julho, importantes decis\u00f5es sobre o futuro do setor tur\u00edstico de Foz do Igua\u00e7u ser\u00e3o tomadas durante a 4\u00aa Confer\u00eancia Municipal de [&hellip;]<\/p>\n","protected":false},"author":2,"featured_media":10877,"comment_status":"open","ping_status":"open","sticky":false,"template":"","format":"standard","meta":{"om_disable_all_campaigns":false,"_monsterinsights_skip_tracking":false,"_monsterinsights_sitenote_active":false,"_monsterinsights_sitenote_note":"","_monsterinsights_sitenote_category":0,"footnotes":""},"categories":[4,9],"tags":[],"class_list":["post-10876","post","type-post","status-publish","format-standard","has-post-thumbnail","hentry","category-cidade","category-turismo"],"_links":{"self":[{"href":"https:\/\/acontecenafronteira.com.br\/index.php\/wp-json\/wp\/v2\/posts\/10876","targetHints":{"allow":["GET"]}}],"collection":[{"href":"https:\/\/acontecenafronteira.com.br\/index.php\/wp-json\/wp\/v2\/posts"}],"about":[{"href":"https:\/\/acontecenafronteira.com.br\/index.php\/wp-json\/wp\/v2\/types\/post"}],"author":[{"embeddable":true,"href":"https:\/\/acontecenafronteira.com.br\/index.php\/wp-json\/wp\/v2\/users\/2"}],"replies":[{"embeddable":true,"href":"https:\/\/acontecenafronteira.com.br\/index.php\/wp-json\/wp\/v2\/comments?post=10876"}],"version-history":[{"count":1,"href":"https:\/\/acontecenafronteira.com.br\/index.php\/wp-json\/wp\/v2\/posts\/10876\/revisions"}],"predecessor-version":[{"id":10878,"href":"https:\/\/acontecenafronteira.com.br\/index.php\/wp-json\/wp\/v2\/posts\/10876\/revisions\/10878"}],"wp:featuredmedia":[{"embeddable":true,"href":"https:\/\/acontecenafronteira.com.br\/index.php\/wp-json\/wp\/v2\/media\/10877"}],"wp:attachment":[{"href":"https:\/\/acontecenafronteira.com.br\/index.php\/wp-json\/wp\/v2\/media?parent=10876"}],"wp:term":[{"taxonomy":"category","embeddable":true,"href":"https:\/\/acontecenafronteira.com.br\/index.php\/wp-json\/wp\/v2\/categories?post=10876"},{"taxonomy":"post_tag","embeddable":true,"href":"https:\/\/acontecenafronteira.com.br\/index.php\/wp-json\/wp\/v2\/tags?post=10876"}],"curies":[{"name":"wp","href":"https:\/\/api.w.org\/{rel}","templated":true}]}}