{"id":10683,"date":"2022-07-01T10:22:41","date_gmt":"2022-07-01T13:22:41","guid":{"rendered":"https:\/\/acontecenafronteira.com.br\/?p=10683"},"modified":"2022-07-01T10:22:41","modified_gmt":"2022-07-01T13:22:41","slug":"ratinho-junior-afirma-que-vai-seguir-o-governo-federal-na-reducao-do-icms-dos-combustiveis","status":"publish","type":"post","link":"https:\/\/acontecenafronteira.com.br\/index.php\/2022\/07\/01\/ratinho-junior-afirma-que-vai-seguir-o-governo-federal-na-reducao-do-icms-dos-combustiveis\/","title":{"rendered":"Ratinho Junior afirma que vai seguir o governo federal na redu\u00e7\u00e3o do ICMS dos combust\u00edveis"},"content":{"rendered":"\n<p>Na semana passada, o presidente Jair Bolsonaro sancionou a lei que limita o teto da al\u00edquota de ICMS de combust\u00edveis<\/p>\n\n\n\n<p>O governador Ratinho Junior (PSD) afirmou, nesta quarta-feira (29), que vai seguir a lei federal que determina a redu\u00e7\u00e3o do Imposto sobre Circula\u00e7\u00e3o de Mercadorias e Servi\u00e7os (ICMS) da gasolina. Na semana passada, o presidente Jair Bolsonaro (PL) sancionou a lei que limita o teto da al\u00edquota de ICMS de combust\u00edveis, energia el\u00e9trica, comunica\u00e7\u00f5es e transporte coletivo entre 17% e 18%.<\/p>\n\n\n\n<p>Segundo Ratinho Junior, a equipe de governo est\u00e1 trabalhando na constru\u00e7\u00e3o de um projeto que ser\u00e1 enviado para a\u00a0<a rel=\"noreferrer noopener\" href=\"http:\/\/www.assembleia.pr.leg.br\/\" target=\"_blank\">Assembleia Legislativa<\/a>.<a href=\"https:\/\/www.radioculturafoz.com.br\/2022\/06\/29\/ratinho-junior-afirma-que-vai-seguir-o-governo-federal-na-reducao-do-icms-dos-combustiveis\/#\"><\/a><\/p>\n\n\n\n<p>\u201cN\u00f3s vamos acompanhar a lei federal. A Procuradoria, junto com a Secretaria da Fazenda, est\u00e1 fazendo todo o estudo jur\u00eddico, porque possivelmente teremos que apresentar uma lei na Assembleia Legislativa autorizando a seguirmos a lei federal. Mas isso j\u00e1 est\u00e1 apaziguado. Vai ser uma contribui\u00e7\u00e3o do governo do estado para tentar enfrentar esse momento duro que estamos vivendo com a quest\u00e3o do petr\u00f3leo mundial\u201d, disse durante entrevista coletiva.<\/p>\n\n\n\n<p>Apesar da \u201ccontribui\u00e7\u00e3o\u201d, o governador acredita que a medida n\u00e3o \u00e9 a solu\u00e7\u00e3o para barrar o aumento no pre\u00e7o dos combust\u00edveis.<\/p>\n\n\n\n<blockquote class=\"wp-block-quote is-layout-flow wp-block-quote-is-layout-flow\"><p>\u201cN\u00e3o ser\u00e1 a solu\u00e7\u00e3o definitiva, porque o pre\u00e7o do petr\u00f3leo vem mudando todos os dias, mas de alguma maneira \u00e9 uma contribui\u00e7\u00e3o do governo do estado para tentar diminuir esse preju\u00edzo\u201d, analisou.<\/p><\/blockquote>\n\n\n\n<p>Em novembro do ano passado, o Paran\u00e1 congelou o Pre\u00e7o M\u00e9dio Ponderado ao Consumidor Final (PMPF) do c\u00e1lculo do ICMS sobre combust\u00edveis, que costumava ser alterado a cada 15 dias.<\/p>\n\n\n\n<p>Fonte: Banda B<\/p>\n","protected":false},"excerpt":{"rendered":"<p>Na semana passada, o presidente Jair Bolsonaro sancionou a lei que limita o teto da al\u00edquota de ICMS de combust\u00edveis O governador Ratinho Junior (PSD) afirmou, nesta quarta-feira (29), que vai seguir a lei federal que determina a redu\u00e7\u00e3o do Imposto sobre Circula\u00e7\u00e3o de Mercadorias e Servi\u00e7os (ICMS) da gasolina. Na semana passada, o presidente [&hellip;]<\/p>\n","protected":false},"author":2,"featured_media":10684,"comment_status":"open","ping_status":"open","sticky":false,"template":"","format":"standard","meta":{"om_disable_all_campaigns":false,"_monsterinsights_skip_tracking":false,"_monsterinsights_sitenote_active":false,"_monsterinsights_sitenote_note":"","_monsterinsights_sitenote_category":0,"footnotes":""},"categories":[18],"tags":[],"class_list":["post-10683","post","type-post","status-publish","format-standard","has-post-thumbnail","hentry","category-parana"],"_links":{"self":[{"href":"https:\/\/acontecenafronteira.com.br\/index.php\/wp-json\/wp\/v2\/posts\/10683","targetHints":{"allow":["GET"]}}],"collection":[{"href":"https:\/\/acontecenafronteira.com.br\/index.php\/wp-json\/wp\/v2\/posts"}],"about":[{"href":"https:\/\/acontecenafronteira.com.br\/index.php\/wp-json\/wp\/v2\/types\/post"}],"author":[{"embeddable":true,"href":"https:\/\/acontecenafronteira.com.br\/index.php\/wp-json\/wp\/v2\/users\/2"}],"replies":[{"embeddable":true,"href":"https:\/\/acontecenafronteira.com.br\/index.php\/wp-json\/wp\/v2\/comments?post=10683"}],"version-history":[{"count":1,"href":"https:\/\/acontecenafronteira.com.br\/index.php\/wp-json\/wp\/v2\/posts\/10683\/revisions"}],"predecessor-version":[{"id":10685,"href":"https:\/\/acontecenafronteira.com.br\/index.php\/wp-json\/wp\/v2\/posts\/10683\/revisions\/10685"}],"wp:featuredmedia":[{"embeddable":true,"href":"https:\/\/acontecenafronteira.com.br\/index.php\/wp-json\/wp\/v2\/media\/10684"}],"wp:attachment":[{"href":"https:\/\/acontecenafronteira.com.br\/index.php\/wp-json\/wp\/v2\/media?parent=10683"}],"wp:term":[{"taxonomy":"category","embeddable":true,"href":"https:\/\/acontecenafronteira.com.br\/index.php\/wp-json\/wp\/v2\/categories?post=10683"},{"taxonomy":"post_tag","embeddable":true,"href":"https:\/\/acontecenafronteira.com.br\/index.php\/wp-json\/wp\/v2\/tags?post=10683"}],"curies":[{"name":"wp","href":"https:\/\/api.w.org\/{rel}","templated":true}]}}