{"id":10615,"date":"2022-06-29T18:02:02","date_gmt":"2022-06-29T21:02:02","guid":{"rendered":"https:\/\/acontecenafronteira.com.br\/?p=10615"},"modified":"2022-06-29T18:02:02","modified_gmt":"2022-06-29T21:02:02","slug":"prefeitura-vai-construir-nova-sede-da-escola-candido-portinari","status":"publish","type":"post","link":"https:\/\/acontecenafronteira.com.br\/index.php\/2022\/06\/29\/prefeitura-vai-construir-nova-sede-da-escola-candido-portinari\/","title":{"rendered":"Prefeitura vai construir nova sede da Escola C\u00e2ndido Portinari"},"content":{"rendered":"\n<p>Obras come\u00e7am em agosto com investimento superior a R$ 4 milh\u00f5es; outras cinco escolas est\u00e3o recebendo melhorias com reformas e amplia\u00e7\u00f5es<\/p>\n\n\n\n<p><em>Escola C\u00e2ndido Portinari ser\u00e1 constru\u00edda no terreno em frente ao atual.<br><br><\/em>Um sonho antigo da comunidade escolar come\u00e7a a se tornar realidade. A Prefeitura de Foz do Igua\u00e7u, atrav\u00e9s da Secretaria Municipal da Educa\u00e7\u00e3o, dar\u00e1 in\u00edcio, no m\u00eas de agosto, \u00e0 constru\u00e7\u00e3o da Escola C\u00e2ndido Portinari, no Jardim Petr\u00f3polis. A nova sede ser\u00e1 no terreno de 4.500 metros quadrados em frente \u00e0 atual escola, que atende hoje 132 alunos.<br><br>A licita\u00e7\u00e3o para a contrata\u00e7\u00e3o da empresa que ir\u00e1 executar os servi\u00e7os foi aberta nesta ter\u00e7a-feira (28). A estimativa de investimento da prefeitura \u00e9 de R$ 4,9 milh\u00f5es. A nova escola ter\u00e1 seis salas de aula; sala multim\u00eddia; biblioteca; laborat\u00f3rio de inform\u00e1tica; sanit\u00e1rios para alunos, para funcion\u00e1rios e adaptados \u00e0s pessoas com defici\u00eancia; sala de professores; coordena\u00e7\u00e3o pedag\u00f3gica; dire\u00e7\u00e3o; secretaria; amplo refeit\u00f3rio e cozinha, al\u00e9m da \u00e1rea de lazer com playground e quadra poliesportiva. O prazo para execu\u00e7\u00e3o \u00e9 de 540 dias.&nbsp;<br><br>A constru\u00e7\u00e3o da escola, que completar\u00e1 42 anos em novembro, \u00e9 fruto do Or\u00e7amento Participativo de 2019. Com o pr\u00e9dio novo, a unidade se tornar\u00e1 p\u00f3lo de atendimento integral para os alunos do 1\u00ba ao 5\u00ba ano.&nbsp;<br><br><strong>Mais Obras<br><br><\/strong>A Prefeitura de Foz do Igua\u00e7u tamb\u00e9m est\u00e1 executando obras de reforma e amplia\u00e7\u00e3o em cinco escolas: Jo\u00e3o da Costa Viana, em Tr\u00eas Lagoas; Carlos Gomes, no Campos do Igua\u00e7u; Osvaldo Cruz, no Loteamento Jo\u00e3o Paulo II; Cora Coralina, no Morumbi e na Tr\u00eas Bandeiras, que leva o nome do bairro.<br><br>Boa parte das obras incluem troca de pisos e telhados, pintura geral, melhorias em acessibilidade, constru\u00e7\u00e3o ou reformas de quadras e amplia\u00e7\u00e3o dos espa\u00e7os. A Escola Carlos Gomes tamb\u00e9m receber\u00e1 novas janelas e portas, servi\u00e7os de hidr\u00e1ulica e el\u00e9trica, reforma na cozinha e refeit\u00f3rio. J\u00e1 na Escola Tr\u00eas Bandeiras haver\u00e1 substitui\u00e7\u00e3o de todo o telhado por telhas termo ac\u00fasticas, pintura geral interna e externa, substitui\u00e7\u00e3o de pisos e de algumas esquadrias. A amplia\u00e7\u00e3o ser\u00e1 de quatro novas salas de aula, sanit\u00e1rios para alunos e um laborat\u00f3rio de inform\u00e1tica. Tamb\u00e9m ser\u00e1 constru\u00eddo um acesso pavimentado da escola at\u00e9 a quadra, com demoli\u00e7\u00e3o do muro.&nbsp;<br><br>O investimento do munic\u00edpio nestas quatro escolas \u00e9 de R$ 9,4 milh\u00f5es, sendo R$ 2,5 milh\u00f5es na Jo\u00e3o da Costa Viana; R$ 1,7 milh\u00e3o na Carlos Gomes; R$ 1,9 milh\u00e3o na Tr\u00eas Bandeiras; R$ 1,9 na Cora Coralina e R$ 1,4 na Osvaldo Cruz.&nbsp;<br><br>Nesta quarta-feira (29) tamb\u00e9m foi homologada a licita\u00e7\u00e3o para constru\u00e7\u00e3o das quadras poliesportivas nas escolas Josinete Holler, na Vila A, e Zizo, no Jardim Ip\u00ea.<\/p>\n","protected":false},"excerpt":{"rendered":"<p>Obras come\u00e7am em agosto com investimento superior a R$ 4 milh\u00f5es; outras cinco escolas est\u00e3o recebendo melhorias com reformas e amplia\u00e7\u00f5es Escola C\u00e2ndido Portinari ser\u00e1 constru\u00edda no terreno em frente ao atual. Um sonho antigo da comunidade escolar come\u00e7a a se tornar realidade. A Prefeitura de Foz do Igua\u00e7u, atrav\u00e9s da Secretaria Municipal da Educa\u00e7\u00e3o, [&hellip;]<\/p>\n","protected":false},"author":2,"featured_media":10616,"comment_status":"open","ping_status":"open","sticky":false,"template":"","format":"standard","meta":{"om_disable_all_campaigns":false,"_monsterinsights_skip_tracking":false,"_monsterinsights_sitenote_active":false,"_monsterinsights_sitenote_note":"","_monsterinsights_sitenote_category":0,"footnotes":""},"categories":[4,8],"tags":[],"class_list":["post-10615","post","type-post","status-publish","format-standard","has-post-thumbnail","hentry","category-cidade","category-educaca0"],"_links":{"self":[{"href":"https:\/\/acontecenafronteira.com.br\/index.php\/wp-json\/wp\/v2\/posts\/10615","targetHints":{"allow":["GET"]}}],"collection":[{"href":"https:\/\/acontecenafronteira.com.br\/index.php\/wp-json\/wp\/v2\/posts"}],"about":[{"href":"https:\/\/acontecenafronteira.com.br\/index.php\/wp-json\/wp\/v2\/types\/post"}],"author":[{"embeddable":true,"href":"https:\/\/acontecenafronteira.com.br\/index.php\/wp-json\/wp\/v2\/users\/2"}],"replies":[{"embeddable":true,"href":"https:\/\/acontecenafronteira.com.br\/index.php\/wp-json\/wp\/v2\/comments?post=10615"}],"version-history":[{"count":1,"href":"https:\/\/acontecenafronteira.com.br\/index.php\/wp-json\/wp\/v2\/posts\/10615\/revisions"}],"predecessor-version":[{"id":10617,"href":"https:\/\/acontecenafronteira.com.br\/index.php\/wp-json\/wp\/v2\/posts\/10615\/revisions\/10617"}],"wp:featuredmedia":[{"embeddable":true,"href":"https:\/\/acontecenafronteira.com.br\/index.php\/wp-json\/wp\/v2\/media\/10616"}],"wp:attachment":[{"href":"https:\/\/acontecenafronteira.com.br\/index.php\/wp-json\/wp\/v2\/media?parent=10615"}],"wp:term":[{"taxonomy":"category","embeddable":true,"href":"https:\/\/acontecenafronteira.com.br\/index.php\/wp-json\/wp\/v2\/categories?post=10615"},{"taxonomy":"post_tag","embeddable":true,"href":"https:\/\/acontecenafronteira.com.br\/index.php\/wp-json\/wp\/v2\/tags?post=10615"}],"curies":[{"name":"wp","href":"https:\/\/api.w.org\/{rel}","templated":true}]}}