{"id":10611,"date":"2022-06-29T17:58:28","date_gmt":"2022-06-29T20:58:28","guid":{"rendered":"https:\/\/acontecenafronteira.com.br\/?p=10611"},"modified":"2022-06-29T17:58:29","modified_gmt":"2022-06-29T20:58:29","slug":"populacao-esta-convidada-a-participar-da-4a-pre-conferencia-de-turismo-nesta-quinta-feira-30","status":"publish","type":"post","link":"https:\/\/acontecenafronteira.com.br\/index.php\/2022\/06\/29\/populacao-esta-convidada-a-participar-da-4a-pre-conferencia-de-turismo-nesta-quinta-feira-30\/","title":{"rendered":"Popula\u00e7\u00e3o est\u00e1 convidada a participar da 4\u00aa pr\u00e9-confer\u00eancia de turismo, nesta quinta-feira (30)"},"content":{"rendered":"\n<p>S\u00e3o oito eixos de discuss\u00e3o que ajudar\u00e3o a compor o novo Plano Municipal de Turismo<\/p>\n\n\n\n<p>Nesta quinta-feira (30), ser\u00e1 realizada a quarta pr\u00e9-confer\u00eancia de turismo em Foz do Igua\u00e7u. A Secretaria de Turismo e Projetos Estrat\u00e9gicos, e demais \u00f3rg\u00e3os parceiros, convidam a comunidade, lideran\u00e7as comunit\u00e1rias e trabalhadores de outros segmentos a participar do evento que ir\u00e1 debater as demandas mais importantes para o setor.<br><br>O encontro come\u00e7a \u00e0s 18h30, na sede da Secretaria Municipal de Turismo e Projetos Estrat\u00e9gicos, na Av. das Cataratas, 2330, Vila Yolanda. Para realizar a sua inscri\u00e7\u00e3o de forma antecipada, acesse: www.destino.foz.br\/cmt.&nbsp;<br><br>As pr\u00e9-confer\u00eancias de Turismo est\u00e3o sendo realizadas para debater oito eixos: Infraestrutura, Meio Ambiente, Governan\u00e7a, Legisla\u00e7\u00e3o, Mercado de Trabalho, Economia, Cultura, Informa\u00e7\u00e3o e Comunica\u00e7\u00e3o.<br><br>O objetivo \u00e9 construir um planejamento junto \u00e0 comunidade para integrar o Plano Municipal de Turismo, que ser\u00e1 votado na 4\u00aa Confer\u00eancia Municipal de Turismo, em 16 de julho.<\/p>\n","protected":false},"excerpt":{"rendered":"<p>S\u00e3o oito eixos de discuss\u00e3o que ajudar\u00e3o a compor o novo Plano Municipal de Turismo Nesta quinta-feira (30), ser\u00e1 realizada a quarta pr\u00e9-confer\u00eancia de turismo em Foz do Igua\u00e7u. A Secretaria de Turismo e Projetos Estrat\u00e9gicos, e demais \u00f3rg\u00e3os parceiros, convidam a comunidade, lideran\u00e7as comunit\u00e1rias e trabalhadores de outros segmentos a participar do evento que [&hellip;]<\/p>\n","protected":false},"author":2,"featured_media":10613,"comment_status":"open","ping_status":"open","sticky":false,"template":"","format":"standard","meta":{"om_disable_all_campaigns":false,"_monsterinsights_skip_tracking":false,"_monsterinsights_sitenote_active":false,"_monsterinsights_sitenote_note":"","_monsterinsights_sitenote_category":0,"footnotes":""},"categories":[4,9],"tags":[],"class_list":["post-10611","post","type-post","status-publish","format-standard","has-post-thumbnail","hentry","category-cidade","category-turismo"],"_links":{"self":[{"href":"https:\/\/acontecenafronteira.com.br\/index.php\/wp-json\/wp\/v2\/posts\/10611","targetHints":{"allow":["GET"]}}],"collection":[{"href":"https:\/\/acontecenafronteira.com.br\/index.php\/wp-json\/wp\/v2\/posts"}],"about":[{"href":"https:\/\/acontecenafronteira.com.br\/index.php\/wp-json\/wp\/v2\/types\/post"}],"author":[{"embeddable":true,"href":"https:\/\/acontecenafronteira.com.br\/index.php\/wp-json\/wp\/v2\/users\/2"}],"replies":[{"embeddable":true,"href":"https:\/\/acontecenafronteira.com.br\/index.php\/wp-json\/wp\/v2\/comments?post=10611"}],"version-history":[{"count":1,"href":"https:\/\/acontecenafronteira.com.br\/index.php\/wp-json\/wp\/v2\/posts\/10611\/revisions"}],"predecessor-version":[{"id":10614,"href":"https:\/\/acontecenafronteira.com.br\/index.php\/wp-json\/wp\/v2\/posts\/10611\/revisions\/10614"}],"wp:featuredmedia":[{"embeddable":true,"href":"https:\/\/acontecenafronteira.com.br\/index.php\/wp-json\/wp\/v2\/media\/10613"}],"wp:attachment":[{"href":"https:\/\/acontecenafronteira.com.br\/index.php\/wp-json\/wp\/v2\/media?parent=10611"}],"wp:term":[{"taxonomy":"category","embeddable":true,"href":"https:\/\/acontecenafronteira.com.br\/index.php\/wp-json\/wp\/v2\/categories?post=10611"},{"taxonomy":"post_tag","embeddable":true,"href":"https:\/\/acontecenafronteira.com.br\/index.php\/wp-json\/wp\/v2\/tags?post=10611"}],"curies":[{"name":"wp","href":"https:\/\/api.w.org\/{rel}","templated":true}]}}