{"id":10585,"date":"2022-06-29T11:26:32","date_gmt":"2022-06-29T14:26:32","guid":{"rendered":"https:\/\/acontecenafronteira.com.br\/?p=10585"},"modified":"2022-06-29T11:26:32","modified_gmt":"2022-06-29T14:26:32","slug":"aumento-do-diesel-provoca-reajuste-da-tarifa-do-transporte-coletivo-em-foz-do-iguacu","status":"publish","type":"post","link":"https:\/\/acontecenafronteira.com.br\/index.php\/2022\/06\/29\/aumento-do-diesel-provoca-reajuste-da-tarifa-do-transporte-coletivo-em-foz-do-iguacu\/","title":{"rendered":"Aumento do diesel provoca reajuste da tarifa do transporte coletivo em Foz do Igua\u00e7u"},"content":{"rendered":"\n<p>Mesmo com subs\u00eddios, m\u00e9dias e grandes cidades do Paran\u00e1 reajustaram as tarifas do transporte coletivo nos \u00faltimos 12 meses<\/p>\n\n\n\n<p><em>Foto: Christian Rizzi\/PMFI.&nbsp;<\/em><br><br>Os aumentos sucessivos do pre\u00e7o do \u00f3leo diesel, principalmente neste ano, e a folha salarial dos trabalhadores s\u00e3o apontados como principais respons\u00e1veis, segundo o Instituto de Transportes e Tr\u00e2nsito de Foz do Igua\u00e7u &#8211; Foztrans, para o reajuste da passagem do transporte coletivo em Foz do Igua\u00e7u &#8211; o que n\u00e3o \u00e9 feito h\u00e1 quase dois anos. As novas tarifas de R$ 5,00 e R$ 2,50 (para estudantes) entram em vigor a partir de 1\u00ba de julho (sexta-feira).<br><br>Nas suas considera\u00e7\u00f5es, o Foztrans lista dois itens determinantes: o valor do diesel aumentou de 113,81% desde setembro de 2020 (quando foi feito o \u00faltimo reajuste do transporte coletivo em Foz, para R$ 4,10); e o impacto da folha de sal\u00e1rios dos trabalhadores foi de 23,54% neste per\u00edodo. O instituto considera a necessidade do reajuste mesmo com o aporte mensal da prefeitura para opera\u00e7\u00e3o do transporte coletivo urbano.&nbsp;<br><br>Desde mar\u00e7o, quando a prefeitura assinou o contrato emergencial na opera\u00e7\u00e3o do transporte coletivo, o diesel aumentou 48,09%. Somente em 2002, at\u00e9 o \u00faltimo dia 18 de junho, o aumento deste combust\u00edvel &#8211; o principal insumo no c\u00e1lculo das tarifas &#8211; somou&nbsp; 56,09%, enquanto a tarifa ser\u00e1 reajustada em 22%.<br><br>&#8220;Faz-se necess\u00e1rio o reajuste da tarifa do transporte coletivo urbano, de forma justa, sem repassar todo o impacto acima demonstrado, para o valor de R$ 5,00 a passagem comum e R$ 2,50 a passagem estudante do estudante&#8221;, disse Lic\u00e9rio Santos, diretor superintendente do Foztrans.<br><br><strong>Impacto do diesel<br><br><\/strong>Lic\u00e9rio Santos argumenta que a maioria das m\u00e9dias e grandes cidades, mesmo com os subs\u00eddios, reajustou as tarifas, como \u00e9 o caso de Curitiba (R$ 5,50 ainda em mar\u00e7o), Ponta Grossa (R$ 5,50 em novembro de 2021) e Cascavel (R$ 4,50 em maio). Londrina e Maring\u00e1 reduziram o valor da tarifa, mas aumentaram os subs\u00eddios \u00e0s empresas do transporte. Em Londrina, para uma redu\u00e7\u00e3o de R$ 0,25 no valor da passagem, a prefeitura concedeu R$ 25,2 milh\u00f5es em subs\u00eddios.<br><br>&#8220;A escalada do pre\u00e7o do diesel, que hoje est\u00e1 dolarizado, nos imp\u00f5e esse grande desafio de propor uma tarifa justa, que n\u00e3o seja onerosa, e ainda oferecer um servi\u00e7o de qualidade. S\u00f3 para ter um exemplo, a C\u00e2mara dos Deputados deve votar um subs\u00eddio de R$ 5 bilh\u00f5es aos idosos que usam o transporte coletivo em todo pa\u00eds. Em Foz, isso representa cerca de 30% dos usu\u00e1rios&#8221;, aponta Lic\u00e9rio Santos,<br><br><strong>Subs\u00eddios<br><br><\/strong>A Prefeitura de Curitiba mesmo com o reajuste repassou R$ 170 milh\u00f5es em subs\u00eddios: R$ 132,4 milh\u00f5es para a compensa\u00e7\u00e3o da tarifa e R$ 41,6 milh\u00f5es para outras despesas do transporte coletivo. A prefeitura de Maring\u00e1 concedeu R$ 25 milh\u00f5es em subs\u00eddios.&nbsp;<br><br>Em Cascavel, com a tarifa de R$ 4,50, as empresas pediram reajuste para R$ 7,10, no entanto com o subs\u00eddio, a diferen\u00e7a \u00e9 custeada pela prefeitura. \u201cHoje o sistema n\u00e3o se sustenta mais. Por isso, a prefeitura aportou mais de R$ 12 milh\u00f5es por ano para o sistema n\u00e3o parar. A dificuldade de todos os munic\u00edpios \u00e9 fonte de custeio. Assim como outras cidades, precisamos de uma movimenta\u00e7\u00e3o para o aux\u00edlio neste sistema muito importante\u201d, disse a presidente da Transitar, Simoni Soares da Silva, em audi\u00eancia recente na Assembleia Legislativa.<br><br>Em 2021, o governo do Estado destinou R$ 215 milh\u00f5es \u00e0 prefeitura de Curitiba e \u00e0 Comec para subsidiar o sistema de transporte da capital e RMC. Neste ano, o aporte previsto \u00e9 de R$ 150 milh\u00f5es, o que inclui R$ 20 milh\u00f5es repassados pela Assembleia Legislativa,<br><br><strong>Avan\u00e7os<br><br><\/strong>Desde o in\u00edcio da contrata\u00e7\u00e3o emergencial, em mar\u00e7o deste ano, o Foztrans assumiu a gest\u00e3o da opera\u00e7\u00e3o e tem atuado para uma s\u00e9rie de melhorias no transporte coletivo em Foz do Igua\u00e7u. A frota inicialmente de 66 \u00f4nibus, j\u00e1 chega a 93 ve\u00edculos; o que possibilitou a diminui\u00e7\u00e3o dos atrasos e da lota\u00e7\u00e3o nos \u00f4nibus.&nbsp;<br><br>Tamb\u00e9m foram implantados quatro ve\u00edculos articulados para operar em linhas de grande demanda. Cada um desses \u00f4nibus possui capacidade para atender 160 passageiros. Os ve\u00edculos com ar condicionado tamb\u00e9m j\u00e1 s\u00e3o uma realidade na cidade e, agora, est\u00e3o sendo instalados GPS nos ve\u00edculos, o que vai permitir o acompanhamento dos \u00f4nibus em tempo real.&nbsp;<br><br>\u201cVamos continuar trabalhando para fazer melhorias que atendam \u00e0s reais necessidades dos usu\u00e1rios, fazendo amplia\u00e7\u00f5es nas linhas, adequa\u00e7\u00f5es nas rotas, at\u00e9 chegar a um sistema que traga um real contentamento da popula\u00e7\u00e3o. Com o que j\u00e1 foi feito at\u00e9 agora, j\u00e1 percebemos um aumento de 26% no n\u00famero de passageiros que usam o transporte\u201d, destacou Lic\u00e9rio Santos.<\/p>\n","protected":false},"excerpt":{"rendered":"<p>Mesmo com subs\u00eddios, m\u00e9dias e grandes cidades do Paran\u00e1 reajustaram as tarifas do transporte coletivo nos \u00faltimos 12 meses Foto: Christian Rizzi\/PMFI.&nbsp; Os aumentos sucessivos do pre\u00e7o do \u00f3leo diesel, principalmente neste ano, e a folha salarial dos trabalhadores s\u00e3o apontados como principais respons\u00e1veis, segundo o Instituto de Transportes e Tr\u00e2nsito de Foz do Igua\u00e7u [&hellip;]<\/p>\n","protected":false},"author":2,"featured_media":10587,"comment_status":"open","ping_status":"open","sticky":false,"template":"","format":"standard","meta":{"om_disable_all_campaigns":false,"_monsterinsights_skip_tracking":false,"_monsterinsights_sitenote_active":false,"_monsterinsights_sitenote_note":"","_monsterinsights_sitenote_category":0,"footnotes":""},"categories":[4],"tags":[],"class_list":["post-10585","post","type-post","status-publish","format-standard","has-post-thumbnail","hentry","category-cidade"],"_links":{"self":[{"href":"https:\/\/acontecenafronteira.com.br\/index.php\/wp-json\/wp\/v2\/posts\/10585","targetHints":{"allow":["GET"]}}],"collection":[{"href":"https:\/\/acontecenafronteira.com.br\/index.php\/wp-json\/wp\/v2\/posts"}],"about":[{"href":"https:\/\/acontecenafronteira.com.br\/index.php\/wp-json\/wp\/v2\/types\/post"}],"author":[{"embeddable":true,"href":"https:\/\/acontecenafronteira.com.br\/index.php\/wp-json\/wp\/v2\/users\/2"}],"replies":[{"embeddable":true,"href":"https:\/\/acontecenafronteira.com.br\/index.php\/wp-json\/wp\/v2\/comments?post=10585"}],"version-history":[{"count":1,"href":"https:\/\/acontecenafronteira.com.br\/index.php\/wp-json\/wp\/v2\/posts\/10585\/revisions"}],"predecessor-version":[{"id":10588,"href":"https:\/\/acontecenafronteira.com.br\/index.php\/wp-json\/wp\/v2\/posts\/10585\/revisions\/10588"}],"wp:featuredmedia":[{"embeddable":true,"href":"https:\/\/acontecenafronteira.com.br\/index.php\/wp-json\/wp\/v2\/media\/10587"}],"wp:attachment":[{"href":"https:\/\/acontecenafronteira.com.br\/index.php\/wp-json\/wp\/v2\/media?parent=10585"}],"wp:term":[{"taxonomy":"category","embeddable":true,"href":"https:\/\/acontecenafronteira.com.br\/index.php\/wp-json\/wp\/v2\/categories?post=10585"},{"taxonomy":"post_tag","embeddable":true,"href":"https:\/\/acontecenafronteira.com.br\/index.php\/wp-json\/wp\/v2\/tags?post=10585"}],"curies":[{"name":"wp","href":"https:\/\/api.w.org\/{rel}","templated":true}]}}