{"id":10566,"date":"2022-06-28T16:18:04","date_gmt":"2022-06-28T19:18:04","guid":{"rendered":"https:\/\/acontecenafronteira.com.br\/?p=10566"},"modified":"2022-06-28T16:18:05","modified_gmt":"2022-06-28T19:18:05","slug":"camara-aprova-8-de-reposicao-da-inflacao-para-o-funcionalismo-municipal","status":"publish","type":"post","link":"https:\/\/acontecenafronteira.com.br\/index.php\/2022\/06\/28\/camara-aprova-8-de-reposicao-da-inflacao-para-o-funcionalismo-municipal\/","title":{"rendered":"C\u00e2mara aprova 8% de reposi\u00e7\u00e3o da infla\u00e7\u00e3o para o funcionalismo municipal"},"content":{"rendered":"\n<p>Representantes da categoria avalizaram a aprova\u00e7\u00e3o do projeto.<\/p>\n\n\n\n<p>Os vereadores aprovaram na sess\u00e3o de hoje, 28\/06, o projeto de lei 92\/2022, que trata da reposi\u00e7\u00e3o das perdas inflacion\u00e1rias ao funcionalismo p\u00fablico municipal. Os percentuais apresentados no projeto do Executivo ficaram definidos da seguinte maneira: 2%, com efeitos financeiros a partir de 1\u00ba de junho; 2% com efeitos financeiros a partir de 1\u00b0 de setembro de 2022; 2% com efeitos financeiros a partir de 1\u00b0 de janeiro de 2023 e 2%, com efeitos financeiros a partir de 1\u00b0 de mar\u00e7o de 2023.<\/p>\n\n\n\n<p>O presidente do Legislativo, vereador Ney Patr\u00edcio (PSD), se manifestou: \u201cRepresenta um avan\u00e7o, uma negocia\u00e7\u00e3o importante entre Executivo e sindicatos que chegaram a um consenso. A C\u00e2mara aprovou o projeto. H\u00e1 ainda uma diferen\u00e7a que ser\u00e1 debatida entre as entidades de classe e poder Executivo mais adiante\u201d. O l\u00edder do governo, vereador Kalito (PSD), tamb\u00e9m ponderou: \u201ca gente entende que as demandas s\u00e3o maiores, mas infelizmente por quest\u00f5es financeiras e de responsabilidade fiscal, o Executivo n\u00e3o consegue atender a todas as demandas. Ent\u00e3o conseguiu-se chegar a um consenso, um meio termo, votado hoje aqui\u201d.<\/p>\n\n\n\n<p>O percentual de 7,11% refere-se \u00e0 composi\u00e7\u00e3o da perda salarial medida pela INPC, acumulado de maio de 2021 a abril de 2022. O percentual de 0,89% refere-se \u00e0 recomposi\u00e7\u00e3o das perdas ocorridas entre o per\u00edodo de 2019 a 2021. Os percentuais tamb\u00e9m se aplicam sobre os vencimentos dos servidores ocupantes dos cargos de provimento em comiss\u00e3o e fun\u00e7\u00f5es gratificadas; funcion\u00e1rios regidos pela CLT e sobre os proventos de inativos e pensionistas.<\/p>\n\n\n\n<p>Os representantes dos sindicatos dos servidores e do sindicato dos professores marcaram presen\u00e7a no plen\u00e1rio e se manifestaram: \u201cEssa reposi\u00e7\u00e3o \u00e9 da infla\u00e7\u00e3o, tivemos nos \u00faltimos anos uma grande defasagem salarial, ent\u00e3o a recomposi\u00e7\u00e3o vem para equilibrar um pouco\u201d, disse Viviane Jara, do Sinprefi. Aldevir Hanke, presidente do Sismufi, finalizou \u201c\u00e9 um come\u00e7o, \u00e9 para isso que estamos sempre lutando e buscando melhorias para as diversas carreiras que abrangem o funcionalismo. Esse \u00e9 o trabalho do sindicato\u201d.<\/p>\n\n\n\n<p>Jornal Faixa de Fronteira<br>Foto: CMFI<\/p>\n","protected":false},"excerpt":{"rendered":"<p>Representantes da categoria avalizaram a aprova\u00e7\u00e3o do projeto. Os vereadores aprovaram na sess\u00e3o de hoje, 28\/06, o projeto de lei 92\/2022, que trata da reposi\u00e7\u00e3o das perdas inflacion\u00e1rias ao funcionalismo p\u00fablico municipal. Os percentuais apresentados no projeto do Executivo ficaram definidos da seguinte maneira: 2%, com efeitos financeiros a partir de 1\u00ba de junho; 2% [&hellip;]<\/p>\n","protected":false},"author":2,"featured_media":10567,"comment_status":"open","ping_status":"open","sticky":false,"template":"","format":"standard","meta":{"om_disable_all_campaigns":false,"_monsterinsights_skip_tracking":false,"_monsterinsights_sitenote_active":false,"_monsterinsights_sitenote_note":"","_monsterinsights_sitenote_category":0,"footnotes":""},"categories":[4],"tags":[],"class_list":["post-10566","post","type-post","status-publish","format-standard","has-post-thumbnail","hentry","category-cidade"],"_links":{"self":[{"href":"https:\/\/acontecenafronteira.com.br\/index.php\/wp-json\/wp\/v2\/posts\/10566","targetHints":{"allow":["GET"]}}],"collection":[{"href":"https:\/\/acontecenafronteira.com.br\/index.php\/wp-json\/wp\/v2\/posts"}],"about":[{"href":"https:\/\/acontecenafronteira.com.br\/index.php\/wp-json\/wp\/v2\/types\/post"}],"author":[{"embeddable":true,"href":"https:\/\/acontecenafronteira.com.br\/index.php\/wp-json\/wp\/v2\/users\/2"}],"replies":[{"embeddable":true,"href":"https:\/\/acontecenafronteira.com.br\/index.php\/wp-json\/wp\/v2\/comments?post=10566"}],"version-history":[{"count":1,"href":"https:\/\/acontecenafronteira.com.br\/index.php\/wp-json\/wp\/v2\/posts\/10566\/revisions"}],"predecessor-version":[{"id":10568,"href":"https:\/\/acontecenafronteira.com.br\/index.php\/wp-json\/wp\/v2\/posts\/10566\/revisions\/10568"}],"wp:featuredmedia":[{"embeddable":true,"href":"https:\/\/acontecenafronteira.com.br\/index.php\/wp-json\/wp\/v2\/media\/10567"}],"wp:attachment":[{"href":"https:\/\/acontecenafronteira.com.br\/index.php\/wp-json\/wp\/v2\/media?parent=10566"}],"wp:term":[{"taxonomy":"category","embeddable":true,"href":"https:\/\/acontecenafronteira.com.br\/index.php\/wp-json\/wp\/v2\/categories?post=10566"},{"taxonomy":"post_tag","embeddable":true,"href":"https:\/\/acontecenafronteira.com.br\/index.php\/wp-json\/wp\/v2\/tags?post=10566"}],"curies":[{"name":"wp","href":"https:\/\/api.w.org\/{rel}","templated":true}]}}