{"id":10529,"date":"2022-06-28T16:08:34","date_gmt":"2022-06-28T19:08:34","guid":{"rendered":"https:\/\/acontecenafronteira.com.br\/?p=10529"},"modified":"2022-06-28T16:08:35","modified_gmt":"2022-06-28T19:08:35","slug":"alunos-do-cmei-vila-esmeralda-recebem-visita-da-chica-a-cao-terapeuta","status":"publish","type":"post","link":"https:\/\/acontecenafronteira.com.br\/index.php\/2022\/06\/28\/alunos-do-cmei-vila-esmeralda-recebem-visita-da-chica-a-cao-terapeuta\/","title":{"rendered":"Alunos do Cmei Vila Esmeralda recebem visita da Chica, a c\u00e3o terapeuta"},"content":{"rendered":"\n<p class=\"wp-block-paragraph\">Atividade integra a Proposta Pedag\u00f3gica Curricular da unidade de ensino, que tem trabalhado com as crian\u00e7as as caracter\u00edsticas dos animais e suas fun\u00e7\u00f5es<\/p>\n\n\n\n<p class=\"wp-block-paragraph\"><em>Foto: Thiago Dutra\/PMFI.<\/em><br><br>O Centro Municipal de Educa\u00e7\u00e3o Infantil (Cmei) Vila Esmeralda recebeu nesta ter\u00e7a-feira (28) uma visita mais do que especial. A cachorrinha Chica, da ONG Dr. Patinhas, proporcionou momentos de alegria e descontra\u00e7\u00e3o, encantando alunos e professores da unidade de ensino.\u00a0<br><br>A presen\u00e7a da Chica, que \u00e9 uma c\u00e3o terapeuta, integra a Proposta Pedag\u00f3gica Curricular (PPC) do Cmei, que tem trabalhado com as crian\u00e7as as caracter\u00edsticas, o modo de vida, a alimenta\u00e7\u00e3o e as fun\u00e7\u00f5es dos animais.<br><br>\u201cMuitas vezes pensamos que um cachorrinho \u00e9 apenas para brincar ou cuidar da casa, mas ele pode desenvolver muitas habilidades, como a de auxiliar na recupera\u00e7\u00e3o de pessoas internadas, sendo um c\u00e3o-terapeuta ou atuando como um c\u00e3o-guia\u201d, comentou a coordenadora pedag\u00f3gica do Cmei, Marines Umbelina da Silva.\u00a0<br><br>Chica visitou a unidade de ensino acompanhada de seu tutor, Fernando Kawaji, que contou aos alunos a hist\u00f3ria de vida da cachorrinha, resgatada por ele e pela namorada, Mariana, h\u00e1 cerca de cinco anos. \u201cQuando resgatamos a Chica percebemos que ela era muito d\u00f3cil e boa em ajudar pessoas. Ela possui habilidades e dons que nem todo cachorro tem\u201d, disse. O casal levou a cachorrinha at\u00e9 a ONG Dr. Patinhas, que ofertou o treinamento para Chica se tornar uma c\u00e3o terapeuta.\u00a0<br><br>\u201cDurante a pandemia, ela fez um trabalho muito importante com os profissionais que atuaram na linha de frente no Hospital Municipal [Padre Germano Lauck]. Ela gostou muito deste trabalho, assim como gosta de visitar o Lar dos Velhinhos\u201d, disse Fernando.\u00a0<br><br>A c\u00e3o terapeuta tamb\u00e9m faz visitas a outras institui\u00e7\u00f5es, como o setor de oncologia do Hospital Ministro Costa Cavalcanti e ao CRAM (Centro de Refer\u00eancia em Atendimento \u00e0 Mulher V\u00edtima de Viol\u00eancia). Por todos os lugares onde passa, Chica leva alegria \u00e0s pessoas.<br><br><strong>Experi\u00eancia<br><br><\/strong>Al\u00e9m de conhecer a fun\u00e7\u00e3o de um c\u00e3o-terapeuta, as crian\u00e7as entenderam a import\u00e2ncia da ado\u00e7\u00e3o de animais e da guarda respons\u00e1vel. Vit\u00f3ria, de 4 anos, estava encantada com a visita da cachorrinha. \u201c\u00c9 a primeira vez que eu vejo um cachorro aqui. \u00c9 muito legal. A gente pode passar a m\u00e3o nela, brincar com ela\u201d, disse.\u00a0<br><br>O coleguinha Guilherme, de 5 anos, contou que tem um peixinho chamado \u201cBlu\u201d e que todos os animais s\u00e3o importantes. \u201cPra ter um cachorro em casa a gente precisa ter tempo pra cuidar, brincar, passear\u201d, afirmou.\u00a0<br><br><strong>Servi\u00e7o<br><br><\/strong>Chica far\u00e1 uma nova visita ao Cmei ainda hoje (28), \u00e0s 14 horas. A unidade de ensino fica na Rua Potiguaras, 2518, Vila Maracan\u00e3.<\/p>\n\n\n\n<figure class=\"wp-block-gallery has-nested-images columns-default is-cropped wp-block-gallery-1 is-layout-flex wp-block-gallery-is-layout-flex\">\n<figure class=\"wp-block-image size-large is-style-default\"><img loading=\"lazy\" decoding=\"async\" width=\"799\" height=\"534\" data-id=\"10536\" src=\"https:\/\/acontecenafronteira.com.br\/wp-content\/uploads\/2022\/06\/WhatsApp-Image-2022-06-28-at-13.37.27-1-1.jpeg\" alt=\"\" class=\"wp-image-10536\" srcset=\"https:\/\/acontecenafronteira.com.br\/wp-content\/uploads\/2022\/06\/WhatsApp-Image-2022-06-28-at-13.37.27-1-1.jpeg 799w, https:\/\/acontecenafronteira.com.br\/wp-content\/uploads\/2022\/06\/WhatsApp-Image-2022-06-28-at-13.37.27-1-1-300x201.jpeg 300w, https:\/\/acontecenafronteira.com.br\/wp-content\/uploads\/2022\/06\/WhatsApp-Image-2022-06-28-at-13.37.27-1-1-768x513.jpeg 768w\" sizes=\"auto, (max-width: 799px) 100vw, 799px\" \/><\/figure>\n\n\n\n<figure class=\"wp-block-image size-large is-style-default\"><img loading=\"lazy\" decoding=\"async\" width=\"799\" height=\"533\" data-id=\"10537\" src=\"https:\/\/acontecenafronteira.com.br\/wp-content\/uploads\/2022\/06\/WhatsApp-Image-2022-06-28-at-13.37.27.jpeg\" alt=\"\" class=\"wp-image-10537\" srcset=\"https:\/\/acontecenafronteira.com.br\/wp-content\/uploads\/2022\/06\/WhatsApp-Image-2022-06-28-at-13.37.27.jpeg 799w, https:\/\/acontecenafronteira.com.br\/wp-content\/uploads\/2022\/06\/WhatsApp-Image-2022-06-28-at-13.37.27-300x200.jpeg 300w, https:\/\/acontecenafronteira.com.br\/wp-content\/uploads\/2022\/06\/WhatsApp-Image-2022-06-28-at-13.37.27-768x512.jpeg 768w\" sizes=\"auto, (max-width: 799px) 100vw, 799px\" \/><\/figure>\n\n\n\n<figure class=\"wp-block-image size-large is-style-default\"><img loading=\"lazy\" decoding=\"async\" width=\"799\" height=\"533\" data-id=\"10532\" src=\"https:\/\/acontecenafronteira.com.br\/wp-content\/uploads\/2022\/06\/WhatsApp-Image-2022-06-28-at-13.37.26-1.jpeg\" alt=\"\" class=\"wp-image-10532\" srcset=\"https:\/\/acontecenafronteira.com.br\/wp-content\/uploads\/2022\/06\/WhatsApp-Image-2022-06-28-at-13.37.26-1.jpeg 799w, https:\/\/acontecenafronteira.com.br\/wp-content\/uploads\/2022\/06\/WhatsApp-Image-2022-06-28-at-13.37.26-1-300x200.jpeg 300w, https:\/\/acontecenafronteira.com.br\/wp-content\/uploads\/2022\/06\/WhatsApp-Image-2022-06-28-at-13.37.26-1-768x512.jpeg 768w\" sizes=\"auto, (max-width: 799px) 100vw, 799px\" \/><\/figure>\n\n\n\n<figure class=\"wp-block-image size-large is-style-default\"><img loading=\"lazy\" decoding=\"async\" width=\"799\" height=\"533\" data-id=\"10535\" src=\"https:\/\/acontecenafronteira.com.br\/wp-content\/uploads\/2022\/06\/WhatsApp-Image-2022-06-28-at-13.37.26.jpeg\" alt=\"\" class=\"wp-image-10535\" srcset=\"https:\/\/acontecenafronteira.com.br\/wp-content\/uploads\/2022\/06\/WhatsApp-Image-2022-06-28-at-13.37.26.jpeg 799w, https:\/\/acontecenafronteira.com.br\/wp-content\/uploads\/2022\/06\/WhatsApp-Image-2022-06-28-at-13.37.26-300x200.jpeg 300w, https:\/\/acontecenafronteira.com.br\/wp-content\/uploads\/2022\/06\/WhatsApp-Image-2022-06-28-at-13.37.26-768x512.jpeg 768w\" sizes=\"auto, (max-width: 799px) 100vw, 799px\" \/><\/figure>\n\n\n\n<figure class=\"wp-block-image size-large is-style-default\"><img loading=\"lazy\" decoding=\"async\" width=\"799\" height=\"533\" data-id=\"10534\" src=\"https:\/\/acontecenafronteira.com.br\/wp-content\/uploads\/2022\/06\/WhatsApp-Image-2022-06-28-at-13.37.25.jpeg\" alt=\"\" class=\"wp-image-10534\" srcset=\"https:\/\/acontecenafronteira.com.br\/wp-content\/uploads\/2022\/06\/WhatsApp-Image-2022-06-28-at-13.37.25.jpeg 799w, https:\/\/acontecenafronteira.com.br\/wp-content\/uploads\/2022\/06\/WhatsApp-Image-2022-06-28-at-13.37.25-300x200.jpeg 300w, https:\/\/acontecenafronteira.com.br\/wp-content\/uploads\/2022\/06\/WhatsApp-Image-2022-06-28-at-13.37.25-768x512.jpeg 768w\" sizes=\"auto, (max-width: 799px) 100vw, 799px\" \/><\/figure>\n\n\n\n<figure class=\"wp-block-image size-large is-style-default\"><img loading=\"lazy\" decoding=\"async\" width=\"799\" height=\"533\" data-id=\"10533\" src=\"https:\/\/acontecenafronteira.com.br\/wp-content\/uploads\/2022\/06\/WhatsApp-Image-2022-06-28-at-13.37.24.jpeg\" alt=\"\" class=\"wp-image-10533\" srcset=\"https:\/\/acontecenafronteira.com.br\/wp-content\/uploads\/2022\/06\/WhatsApp-Image-2022-06-28-at-13.37.24.jpeg 799w, https:\/\/acontecenafronteira.com.br\/wp-content\/uploads\/2022\/06\/WhatsApp-Image-2022-06-28-at-13.37.24-300x200.jpeg 300w, https:\/\/acontecenafronteira.com.br\/wp-content\/uploads\/2022\/06\/WhatsApp-Image-2022-06-28-at-13.37.24-768x512.jpeg 768w\" sizes=\"auto, (max-width: 799px) 100vw, 799px\" \/><\/figure>\n<\/figure>\n","protected":false},"excerpt":{"rendered":"<p>Atividade integra a Proposta Pedag\u00f3gica Curricular da unidade de ensino, que tem trabalhado com as crian\u00e7as as caracter\u00edsticas dos animais e suas fun\u00e7\u00f5es Foto: Thiago Dutra\/PMFI. O Centro Municipal de Educa\u00e7\u00e3o Infantil (Cmei) Vila Esmeralda recebeu nesta ter\u00e7a-feira (28) uma visita mais do que especial. A cachorrinha Chica, da ONG Dr. Patinhas, proporcionou momentos de [&hellip;]<\/p>\n","protected":false},"author":2,"featured_media":10531,"comment_status":"open","ping_status":"open","sticky":false,"template":"","format":"standard","meta":{"_monsterinsights_skip_tracking":false,"_uf_show_specific_survey":0,"_uf_disable_surveys":false,"footnotes":""},"categories":[4,8],"tags":[],"class_list":["post-10529","post","type-post","status-publish","format-standard","has-post-thumbnail","hentry","category-cidade","category-educaca0"],"aioseo_notices":[],"aioseo_head":"\n\t\t<!-- All in One SEO 5.0.1.1 - aioseo.com -->\n\t<meta name=\"description\" content=\"Atividade integra a Proposta Pedag\u00f3gica Curricular da unidade de ensino, que tem trabalhado com as crian\u00e7as as caracter\u00edsticas dos animais e suas fun\u00e7\u00f5es Foto: Thiago Dutra\/PMFI. O Centro Municipal de Educa\u00e7\u00e3o Infantil (Cmei) Vila Esmeralda recebeu nesta ter\u00e7a-feira (28) uma visita mais do que especial. A cachorrinha Chica, da ONG Dr. Patinhas, proporcionou momentos de\" \/>\n\t<meta name=\"robots\" content=\"max-image-preview:large\" \/>\n\t<meta name=\"author\" content=\"Acontece\"\/>\n\t<link rel=\"canonical\" href=\"https:\/\/acontecenafronteira.com.br\/index.php\/2022\/06\/28\/alunos-do-cmei-vila-esmeralda-recebem-visita-da-chica-a-cao-terapeuta\/\" \/>\n\t<meta name=\"generator\" content=\"All in One SEO (AIOSEO) 5.0.1.1\" \/>\n\t\t<meta property=\"og:locale\" content=\"pt_PT\" \/>\n\t\t<meta property=\"og:site_name\" content=\"Acontece Na Fronteira - Noticias da Triplice Fronteira\" \/>\n\t\t<meta property=\"og:type\" content=\"article\" \/>\n\t\t<meta property=\"og:title\" content=\"Alunos do Cmei Vila Esmeralda recebem visita da Chica, a c\u00e3o terapeuta - Acontece Na Fronteira\" \/>\n\t\t<meta property=\"og:description\" content=\"Atividade integra a Proposta Pedag\u00f3gica Curricular da unidade de ensino, que tem trabalhado com as crian\u00e7as as caracter\u00edsticas dos animais e suas fun\u00e7\u00f5es Foto: Thiago Dutra\/PMFI. O Centro Municipal de Educa\u00e7\u00e3o Infantil (Cmei) Vila Esmeralda recebeu nesta ter\u00e7a-feira (28) uma visita mais do que especial. A cachorrinha Chica, da ONG Dr. Patinhas, proporcionou momentos de\" \/>\n\t\t<meta property=\"og:url\" content=\"https:\/\/acontecenafronteira.com.br\/index.php\/2022\/06\/28\/alunos-do-cmei-vila-esmeralda-recebem-visita-da-chica-a-cao-terapeuta\/\" \/>\n\t\t<meta property=\"og:image\" content=\"https:\/\/acontecenafronteira.com.br\/wp-content\/uploads\/2021\/11\/logo-acontece-1.jpg\" \/>\n\t\t<meta property=\"og:image:secure_url\" content=\"https:\/\/acontecenafronteira.com.br\/wp-content\/uploads\/2021\/11\/logo-acontece-1.jpg\" \/>\n\t\t<meta property=\"article:published_time\" content=\"2022-06-28T19:08:34+00:00\" \/>\n\t\t<meta property=\"article:modified_time\" content=\"2022-06-28T19:08:35+00:00\" \/>\n\t\t<meta name=\"twitter:card\" content=\"summary_large_image\" \/>\n\t\t<meta name=\"twitter:title\" content=\"Alunos do Cmei Vila Esmeralda recebem visita da Chica, a c\u00e3o terapeuta - Acontece Na Fronteira\" \/>\n\t\t<meta name=\"twitter:description\" content=\"Atividade integra a Proposta Pedag\u00f3gica Curricular da unidade de ensino, que tem trabalhado com as crian\u00e7as as caracter\u00edsticas dos animais e suas fun\u00e7\u00f5es Foto: Thiago Dutra\/PMFI. O Centro Municipal de Educa\u00e7\u00e3o Infantil (Cmei) Vila Esmeralda recebeu nesta ter\u00e7a-feira (28) uma visita mais do que especial. A cachorrinha Chica, da ONG Dr. Patinhas, proporcionou momentos de\" \/>\n\t\t<meta name=\"twitter:image\" content=\"https:\/\/acontecenafronteira.com.br\/wp-content\/uploads\/2021\/11\/logo-acontece-1.jpg\" \/>\n\t\t<script type=\"application\/ld+json\" class=\"aioseo-schema\">\n\t\t\t{\"@context\":\"https:\\\/\\\/schema.org\",\"@graph\":[{\"@type\":\"BlogPosting\",\"@id\":\"https:\\\/\\\/acontecenafronteira.com.br\\\/index.php\\\/2022\\\/06\\\/28\\\/alunos-do-cmei-vila-esmeralda-recebem-visita-da-chica-a-cao-terapeuta\\\/#blogposting\",\"name\":\"Alunos do Cmei Vila Esmeralda recebem visita da Chica, a c\\u00e3o terapeuta - Acontece Na Fronteira\",\"headline\":\"Alunos do Cmei Vila Esmeralda recebem visita da Chica, a c\\u00e3o terapeuta\",\"author\":{\"@id\":\"https:\\\/\\\/acontecenafronteira.com.br\\\/index.php\\\/author\\\/acontece\\\/#author\"},\"publisher\":{\"@id\":\"https:\\\/\\\/acontecenafronteira.com.br\\\/#organization\"},\"image\":{\"@type\":\"ImageObject\",\"url\":\"https:\\\/\\\/acontecenafronteira.com.br\\\/wp-content\\\/uploads\\\/2022\\\/06\\\/WhatsApp-Image-2022-06-28-at-13.37.27-1.jpeg\",\"width\":799,\"height\":534},\"datePublished\":\"2022-06-28T16:08:34-03:00\",\"dateModified\":\"2022-06-28T16:08:35-03:00\",\"inLanguage\":\"pt-PT\",\"mainEntityOfPage\":{\"@id\":\"https:\\\/\\\/acontecenafronteira.com.br\\\/index.php\\\/2022\\\/06\\\/28\\\/alunos-do-cmei-vila-esmeralda-recebem-visita-da-chica-a-cao-terapeuta\\\/#webpage\"},\"isPartOf\":{\"@id\":\"https:\\\/\\\/acontecenafronteira.com.br\\\/index.php\\\/2022\\\/06\\\/28\\\/alunos-do-cmei-vila-esmeralda-recebem-visita-da-chica-a-cao-terapeuta\\\/#webpage\"},\"articleSection\":\"Cidade, Educa\\u00e7\\u00e30\"},{\"@type\":\"BreadcrumbList\",\"@id\":\"https:\\\/\\\/acontecenafronteira.com.br\\\/index.php\\\/2022\\\/06\\\/28\\\/alunos-do-cmei-vila-esmeralda-recebem-visita-da-chica-a-cao-terapeuta\\\/#breadcrumblist\",\"itemListElement\":[{\"@type\":\"ListItem\",\"@id\":\"https:\\\/\\\/acontecenafronteira.com.br#listItem\",\"position\":1,\"name\":\"Home\",\"item\":\"https:\\\/\\\/acontecenafronteira.com.br\",\"nextItem\":{\"@type\":\"ListItem\",\"@id\":\"https:\\\/\\\/acontecenafronteira.com.br\\\/index.php\\\/category\\\/cidade\\\/#listItem\",\"name\":\"Cidade\"}},{\"@type\":\"ListItem\",\"@id\":\"https:\\\/\\\/acontecenafronteira.com.br\\\/index.php\\\/category\\\/cidade\\\/#listItem\",\"position\":2,\"name\":\"Cidade\",\"item\":\"https:\\\/\\\/acontecenafronteira.com.br\\\/index.php\\\/category\\\/cidade\\\/\",\"nextItem\":{\"@type\":\"ListItem\",\"@id\":\"https:\\\/\\\/acontecenafronteira.com.br\\\/index.php\\\/2022\\\/06\\\/28\\\/alunos-do-cmei-vila-esmeralda-recebem-visita-da-chica-a-cao-terapeuta\\\/#listItem\",\"name\":\"Alunos do Cmei Vila Esmeralda recebem visita da Chica, a c\\u00e3o terapeuta\"},\"previousItem\":{\"@type\":\"ListItem\",\"@id\":\"https:\\\/\\\/acontecenafronteira.com.br#listItem\",\"name\":\"Home\"}},{\"@type\":\"ListItem\",\"@id\":\"https:\\\/\\\/acontecenafronteira.com.br\\\/index.php\\\/2022\\\/06\\\/28\\\/alunos-do-cmei-vila-esmeralda-recebem-visita-da-chica-a-cao-terapeuta\\\/#listItem\",\"position\":3,\"name\":\"Alunos do Cmei Vila Esmeralda recebem visita da Chica, a c\\u00e3o terapeuta\",\"previousItem\":{\"@type\":\"ListItem\",\"@id\":\"https:\\\/\\\/acontecenafronteira.com.br\\\/index.php\\\/category\\\/cidade\\\/#listItem\",\"name\":\"Cidade\"}}]},{\"@type\":\"Organization\",\"@id\":\"https:\\\/\\\/acontecenafronteira.com.br\\\/#organization\",\"name\":\"Acontece Na Fronteira\",\"description\":\"Noticias da Triplice Fronteira\",\"url\":\"https:\\\/\\\/acontecenafronteira.com.br\\\/\",\"logo\":{\"@type\":\"ImageObject\",\"url\":\"https:\\\/\\\/acontecenafronteira.com.br\\\/wp-content\\\/uploads\\\/2021\\\/11\\\/logo-acontece-1.jpg\",\"@id\":\"https:\\\/\\\/acontecenafronteira.com.br\\\/index.php\\\/2022\\\/06\\\/28\\\/alunos-do-cmei-vila-esmeralda-recebem-visita-da-chica-a-cao-terapeuta\\\/#organizationLogo\",\"width\":519,\"height\":134},\"image\":{\"@id\":\"https:\\\/\\\/acontecenafronteira.com.br\\\/index.php\\\/2022\\\/06\\\/28\\\/alunos-do-cmei-vila-esmeralda-recebem-visita-da-chica-a-cao-terapeuta\\\/#organizationLogo\"}},{\"@type\":\"Person\",\"@id\":\"https:\\\/\\\/acontecenafronteira.com.br\\\/index.php\\\/author\\\/acontece\\\/#author\",\"url\":\"https:\\\/\\\/acontecenafronteira.com.br\\\/index.php\\\/author\\\/acontece\\\/\",\"name\":\"Acontece\",\"image\":{\"@type\":\"ImageObject\",\"@id\":\"https:\\\/\\\/acontecenafronteira.com.br\\\/index.php\\\/2022\\\/06\\\/28\\\/alunos-do-cmei-vila-esmeralda-recebem-visita-da-chica-a-cao-terapeuta\\\/#authorImage\",\"url\":\"https:\\\/\\\/secure.gravatar.com\\\/avatar\\\/0b1ee8d0eca65cb9faa45624b55ce76a3802d420ba7941831b57f27c693fb7d8?s=96&d=mm&r=g\",\"width\":96,\"height\":96,\"caption\":\"Acontece\"}},{\"@type\":\"WebPage\",\"@id\":\"https:\\\/\\\/acontecenafronteira.com.br\\\/index.php\\\/2022\\\/06\\\/28\\\/alunos-do-cmei-vila-esmeralda-recebem-visita-da-chica-a-cao-terapeuta\\\/#webpage\",\"url\":\"https:\\\/\\\/acontecenafronteira.com.br\\\/index.php\\\/2022\\\/06\\\/28\\\/alunos-do-cmei-vila-esmeralda-recebem-visita-da-chica-a-cao-terapeuta\\\/\",\"name\":\"Alunos do Cmei Vila Esmeralda recebem visita da Chica, a c\\u00e3o terapeuta - Acontece Na Fronteira\",\"description\":\"Atividade integra a Proposta Pedag\\u00f3gica Curricular da unidade de ensino, que tem trabalhado com as crian\\u00e7as as caracter\\u00edsticas dos animais e suas fun\\u00e7\\u00f5es Foto: Thiago Dutra\\\/PMFI. O Centro Municipal de Educa\\u00e7\\u00e3o Infantil (Cmei) Vila Esmeralda recebeu nesta ter\\u00e7a-feira (28) uma visita mais do que especial. A cachorrinha Chica, da ONG Dr. Patinhas, proporcionou momentos de\",\"inLanguage\":\"pt-PT\",\"isPartOf\":{\"@id\":\"https:\\\/\\\/acontecenafronteira.com.br\\\/#website\"},\"breadcrumb\":{\"@id\":\"https:\\\/\\\/acontecenafronteira.com.br\\\/index.php\\\/2022\\\/06\\\/28\\\/alunos-do-cmei-vila-esmeralda-recebem-visita-da-chica-a-cao-terapeuta\\\/#breadcrumblist\"},\"author\":{\"@id\":\"https:\\\/\\\/acontecenafronteira.com.br\\\/index.php\\\/author\\\/acontece\\\/#author\"},\"creator\":{\"@id\":\"https:\\\/\\\/acontecenafronteira.com.br\\\/index.php\\\/author\\\/acontece\\\/#author\"},\"image\":{\"@type\":\"ImageObject\",\"url\":\"https:\\\/\\\/acontecenafronteira.com.br\\\/wp-content\\\/uploads\\\/2022\\\/06\\\/WhatsApp-Image-2022-06-28-at-13.37.27-1.jpeg\",\"@id\":\"https:\\\/\\\/acontecenafronteira.com.br\\\/index.php\\\/2022\\\/06\\\/28\\\/alunos-do-cmei-vila-esmeralda-recebem-visita-da-chica-a-cao-terapeuta\\\/#mainImage\",\"width\":799,\"height\":534},\"primaryImageOfPage\":{\"@id\":\"https:\\\/\\\/acontecenafronteira.com.br\\\/index.php\\\/2022\\\/06\\\/28\\\/alunos-do-cmei-vila-esmeralda-recebem-visita-da-chica-a-cao-terapeuta\\\/#mainImage\"},\"datePublished\":\"2022-06-28T16:08:34-03:00\",\"dateModified\":\"2022-06-28T16:08:35-03:00\"},{\"@type\":\"WebSite\",\"@id\":\"https:\\\/\\\/acontecenafronteira.com.br\\\/#website\",\"url\":\"https:\\\/\\\/acontecenafronteira.com.br\\\/\",\"name\":\"Acontece Na Fronteira\",\"description\":\"Noticias da Triplice Fronteira\",\"inLanguage\":\"pt-PT\",\"publisher\":{\"@id\":\"https:\\\/\\\/acontecenafronteira.com.br\\\/#organization\"}}]}\n\t\t<\/script>\n\t\t<!-- All in One SEO -->\n\n","aioseo_head_json":{"title":"Alunos do Cmei Vila Esmeralda recebem visita da Chica, a c\u00e3o terapeuta - Acontece Na Fronteira","description":"Atividade integra a Proposta Pedag\u00f3gica Curricular da unidade de ensino, que tem trabalhado com as crian\u00e7as as caracter\u00edsticas dos animais e suas fun\u00e7\u00f5es Foto: Thiago Dutra\/PMFI. O Centro Municipal de Educa\u00e7\u00e3o Infantil (Cmei) Vila Esmeralda recebeu nesta ter\u00e7a-feira (28) uma visita mais do que especial. A cachorrinha Chica, da ONG Dr. Patinhas, proporcionou momentos de","canonical_url":"https:\/\/acontecenafronteira.com.br\/index.php\/2022\/06\/28\/alunos-do-cmei-vila-esmeralda-recebem-visita-da-chica-a-cao-terapeuta\/","robots":"max-image-preview:large","keywords":"","webmasterTools":{"miscellaneous":""},"schema":{"@context":"https:\/\/schema.org","@graph":[{"@type":"BlogPosting","@id":"https:\/\/acontecenafronteira.com.br\/index.php\/2022\/06\/28\/alunos-do-cmei-vila-esmeralda-recebem-visita-da-chica-a-cao-terapeuta\/#blogposting","name":"Alunos do Cmei Vila Esmeralda recebem visita da Chica, a c\u00e3o terapeuta - Acontece Na Fronteira","headline":"Alunos do Cmei Vila Esmeralda recebem visita da Chica, a c\u00e3o terapeuta","author":{"@id":"https:\/\/acontecenafronteira.com.br\/index.php\/author\/acontece\/#author"},"publisher":{"@id":"https:\/\/acontecenafronteira.com.br\/#organization"},"image":{"@type":"ImageObject","url":"https:\/\/acontecenafronteira.com.br\/wp-content\/uploads\/2022\/06\/WhatsApp-Image-2022-06-28-at-13.37.27-1.jpeg","width":799,"height":534},"datePublished":"2022-06-28T16:08:34-03:00","dateModified":"2022-06-28T16:08:35-03:00","inLanguage":"pt-PT","mainEntityOfPage":{"@id":"https:\/\/acontecenafronteira.com.br\/index.php\/2022\/06\/28\/alunos-do-cmei-vila-esmeralda-recebem-visita-da-chica-a-cao-terapeuta\/#webpage"},"isPartOf":{"@id":"https:\/\/acontecenafronteira.com.br\/index.php\/2022\/06\/28\/alunos-do-cmei-vila-esmeralda-recebem-visita-da-chica-a-cao-terapeuta\/#webpage"},"articleSection":"Cidade, Educa\u00e7\u00e30"},{"@type":"BreadcrumbList","@id":"https:\/\/acontecenafronteira.com.br\/index.php\/2022\/06\/28\/alunos-do-cmei-vila-esmeralda-recebem-visita-da-chica-a-cao-terapeuta\/#breadcrumblist","itemListElement":[{"@type":"ListItem","@id":"https:\/\/acontecenafronteira.com.br#listItem","position":1,"name":"Home","item":"https:\/\/acontecenafronteira.com.br","nextItem":{"@type":"ListItem","@id":"https:\/\/acontecenafronteira.com.br\/index.php\/category\/cidade\/#listItem","name":"Cidade"}},{"@type":"ListItem","@id":"https:\/\/acontecenafronteira.com.br\/index.php\/category\/cidade\/#listItem","position":2,"name":"Cidade","item":"https:\/\/acontecenafronteira.com.br\/index.php\/category\/cidade\/","nextItem":{"@type":"ListItem","@id":"https:\/\/acontecenafronteira.com.br\/index.php\/2022\/06\/28\/alunos-do-cmei-vila-esmeralda-recebem-visita-da-chica-a-cao-terapeuta\/#listItem","name":"Alunos do Cmei Vila Esmeralda recebem visita da Chica, a c\u00e3o terapeuta"},"previousItem":{"@type":"ListItem","@id":"https:\/\/acontecenafronteira.com.br#listItem","name":"Home"}},{"@type":"ListItem","@id":"https:\/\/acontecenafronteira.com.br\/index.php\/2022\/06\/28\/alunos-do-cmei-vila-esmeralda-recebem-visita-da-chica-a-cao-terapeuta\/#listItem","position":3,"name":"Alunos do Cmei Vila Esmeralda recebem visita da Chica, a c\u00e3o terapeuta","previousItem":{"@type":"ListItem","@id":"https:\/\/acontecenafronteira.com.br\/index.php\/category\/cidade\/#listItem","name":"Cidade"}}]},{"@type":"Organization","@id":"https:\/\/acontecenafronteira.com.br\/#organization","name":"Acontece Na Fronteira","description":"Noticias da Triplice Fronteira","url":"https:\/\/acontecenafronteira.com.br\/","logo":{"@type":"ImageObject","url":"https:\/\/acontecenafronteira.com.br\/wp-content\/uploads\/2021\/11\/logo-acontece-1.jpg","@id":"https:\/\/acontecenafronteira.com.br\/index.php\/2022\/06\/28\/alunos-do-cmei-vila-esmeralda-recebem-visita-da-chica-a-cao-terapeuta\/#organizationLogo","width":519,"height":134},"image":{"@id":"https:\/\/acontecenafronteira.com.br\/index.php\/2022\/06\/28\/alunos-do-cmei-vila-esmeralda-recebem-visita-da-chica-a-cao-terapeuta\/#organizationLogo"}},{"@type":"Person","@id":"https:\/\/acontecenafronteira.com.br\/index.php\/author\/acontece\/#author","url":"https:\/\/acontecenafronteira.com.br\/index.php\/author\/acontece\/","name":"Acontece","image":{"@type":"ImageObject","@id":"https:\/\/acontecenafronteira.com.br\/index.php\/2022\/06\/28\/alunos-do-cmei-vila-esmeralda-recebem-visita-da-chica-a-cao-terapeuta\/#authorImage","url":"https:\/\/secure.gravatar.com\/avatar\/0b1ee8d0eca65cb9faa45624b55ce76a3802d420ba7941831b57f27c693fb7d8?s=96&d=mm&r=g","width":96,"height":96,"caption":"Acontece"}},{"@type":"WebPage","@id":"https:\/\/acontecenafronteira.com.br\/index.php\/2022\/06\/28\/alunos-do-cmei-vila-esmeralda-recebem-visita-da-chica-a-cao-terapeuta\/#webpage","url":"https:\/\/acontecenafronteira.com.br\/index.php\/2022\/06\/28\/alunos-do-cmei-vila-esmeralda-recebem-visita-da-chica-a-cao-terapeuta\/","name":"Alunos do Cmei Vila Esmeralda recebem visita da Chica, a c\u00e3o terapeuta - Acontece Na Fronteira","description":"Atividade integra a Proposta Pedag\u00f3gica Curricular da unidade de ensino, que tem trabalhado com as crian\u00e7as as caracter\u00edsticas dos animais e suas fun\u00e7\u00f5es Foto: Thiago Dutra\/PMFI. O Centro Municipal de Educa\u00e7\u00e3o Infantil (Cmei) Vila Esmeralda recebeu nesta ter\u00e7a-feira (28) uma visita mais do que especial. A cachorrinha Chica, da ONG Dr. Patinhas, proporcionou momentos de","inLanguage":"pt-PT","isPartOf":{"@id":"https:\/\/acontecenafronteira.com.br\/#website"},"breadcrumb":{"@id":"https:\/\/acontecenafronteira.com.br\/index.php\/2022\/06\/28\/alunos-do-cmei-vila-esmeralda-recebem-visita-da-chica-a-cao-terapeuta\/#breadcrumblist"},"author":{"@id":"https:\/\/acontecenafronteira.com.br\/index.php\/author\/acontece\/#author"},"creator":{"@id":"https:\/\/acontecenafronteira.com.br\/index.php\/author\/acontece\/#author"},"image":{"@type":"ImageObject","url":"https:\/\/acontecenafronteira.com.br\/wp-content\/uploads\/2022\/06\/WhatsApp-Image-2022-06-28-at-13.37.27-1.jpeg","@id":"https:\/\/acontecenafronteira.com.br\/index.php\/2022\/06\/28\/alunos-do-cmei-vila-esmeralda-recebem-visita-da-chica-a-cao-terapeuta\/#mainImage","width":799,"height":534},"primaryImageOfPage":{"@id":"https:\/\/acontecenafronteira.com.br\/index.php\/2022\/06\/28\/alunos-do-cmei-vila-esmeralda-recebem-visita-da-chica-a-cao-terapeuta\/#mainImage"},"datePublished":"2022-06-28T16:08:34-03:00","dateModified":"2022-06-28T16:08:35-03:00"},{"@type":"WebSite","@id":"https:\/\/acontecenafronteira.com.br\/#website","url":"https:\/\/acontecenafronteira.com.br\/","name":"Acontece Na Fronteira","description":"Noticias da Triplice Fronteira","inLanguage":"pt-PT","publisher":{"@id":"https:\/\/acontecenafronteira.com.br\/#organization"}}]},"og:locale":"pt_PT","og:site_name":"Acontece Na Fronteira - Noticias da Triplice Fronteira","og:type":"article","og:title":"Alunos do Cmei Vila Esmeralda recebem visita da Chica, a c\u00e3o terapeuta - Acontece Na Fronteira","og:description":"Atividade integra a Proposta Pedag\u00f3gica Curricular da unidade de ensino, que tem trabalhado com as crian\u00e7as as caracter\u00edsticas dos animais e suas fun\u00e7\u00f5es Foto: Thiago Dutra\/PMFI. O Centro Municipal de Educa\u00e7\u00e3o Infantil (Cmei) Vila Esmeralda recebeu nesta ter\u00e7a-feira (28) uma visita mais do que especial. A cachorrinha Chica, da ONG Dr. Patinhas, proporcionou momentos de","og:url":"https:\/\/acontecenafronteira.com.br\/index.php\/2022\/06\/28\/alunos-do-cmei-vila-esmeralda-recebem-visita-da-chica-a-cao-terapeuta\/","og:image":"https:\/\/acontecenafronteira.com.br\/wp-content\/uploads\/2021\/11\/logo-acontece-1.jpg","og:image:secure_url":"https:\/\/acontecenafronteira.com.br\/wp-content\/uploads\/2021\/11\/logo-acontece-1.jpg","article:published_time":"2022-06-28T19:08:34+00:00","article:modified_time":"2022-06-28T19:08:35+00:00","twitter:card":"summary_large_image","twitter:title":"Alunos do Cmei Vila Esmeralda recebem visita da Chica, a c\u00e3o terapeuta - Acontece Na Fronteira","twitter:description":"Atividade integra a Proposta Pedag\u00f3gica Curricular da unidade de ensino, que tem trabalhado com as crian\u00e7as as caracter\u00edsticas dos animais e suas fun\u00e7\u00f5es Foto: Thiago Dutra\/PMFI. O Centro Municipal de Educa\u00e7\u00e3o Infantil (Cmei) Vila Esmeralda recebeu nesta ter\u00e7a-feira (28) uma visita mais do que especial. A cachorrinha Chica, da ONG Dr. Patinhas, proporcionou momentos de","twitter:image":"https:\/\/acontecenafronteira.com.br\/wp-content\/uploads\/2021\/11\/logo-acontece-1.jpg"},"aioseo_meta_data":{"post_id":"10529","title":null,"description":null,"keywords":null,"keyphrases":null,"primary_term":null,"canonical_url":null,"og_title":null,"og_description":null,"og_object_type":"default","og_image_type":"default","og_image_url":null,"og_image_width":null,"og_image_height":null,"og_image_custom_url":null,"og_image_custom_fields":null,"og_video":null,"og_custom_url":null,"og_article_section":null,"og_article_tags":null,"twitter_use_og":false,"twitter_card":"default","twitter_image_type":"default","twitter_image_url":null,"twitter_image_custom_url":null,"twitter_image_custom_fields":null,"twitter_title":null,"twitter_description":null,"schema":{"blockGraphs":[],"customGraphs":[],"default":{"data":{"Article":[],"Course":[],"Dataset":[],"FAQPage":[],"Movie":[],"Person":[],"Product":[],"ProductReview":[],"Car":[],"Recipe":[],"Service":[],"SoftwareApplication":[],"WebPage":[]},"graphName":"","isEnabled":true},"graphs":[]},"schema_type":"default","schema_type_options":null,"pillar_content":false,"robots_default":true,"robots_noindex":false,"robots_noarchive":false,"robots_nosnippet":false,"robots_nofollow":false,"robots_noimageindex":false,"robots_noodp":false,"robots_notranslate":false,"robots_max_snippet":null,"robots_max_videopreview":null,"robots_max_imagepreview":"large","priority":null,"frequency":null,"local_seo":null,"limit_modified_date":false,"created":"2024-11-14 02:47:09","updated":"2024-11-14 02:47:09","focus_keyword":null,"additional_keywords":null,"truseo_locale":null,"ai":null,"breadcrumb_settings":null,"seo_analyzer_scan_date":null},"aioseo_breadcrumb":"<div class=\"aioseo-breadcrumbs\"><span class=\"aioseo-breadcrumb\">\n\t\t\t<a href=\"https:\/\/acontecenafronteira.com.br\" title=\"Home\">Home<\/a>\n\t\t<\/span><span class=\"aioseo-breadcrumb-separator\">&raquo;<\/span><span class=\"aioseo-breadcrumb\">\n\t\t\t<a href=\"https:\/\/acontecenafronteira.com.br\/index.php\/category\/cidade\/\" title=\"Cidade\">Cidade<\/a>\n\t\t<\/span><span class=\"aioseo-breadcrumb-separator\">&raquo;<\/span><span class=\"aioseo-breadcrumb\">\n\t\t\tAlunos do Cmei Vila Esmeralda recebem visita da Chica, a c\u00e3o terapeuta\n\t\t<\/span><\/div>","aioseo_breadcrumb_json":[{"label":"Home","link":"https:\/\/acontecenafronteira.com.br"},{"label":"Cidade","link":"https:\/\/acontecenafronteira.com.br\/index.php\/category\/cidade\/"},{"label":"Alunos do Cmei Vila Esmeralda recebem visita da Chica, a c\u00e3o terapeuta","link":"https:\/\/acontecenafronteira.com.br\/index.php\/2022\/06\/28\/alunos-do-cmei-vila-esmeralda-recebem-visita-da-chica-a-cao-terapeuta\/"}],"_links":{"self":[{"href":"https:\/\/acontecenafronteira.com.br\/index.php\/wp-json\/wp\/v2\/posts\/10529","targetHints":{"allow":["GET"]}}],"collection":[{"href":"https:\/\/acontecenafronteira.com.br\/index.php\/wp-json\/wp\/v2\/posts"}],"about":[{"href":"https:\/\/acontecenafronteira.com.br\/index.php\/wp-json\/wp\/v2\/types\/post"}],"author":[{"embeddable":true,"href":"https:\/\/acontecenafronteira.com.br\/index.php\/wp-json\/wp\/v2\/users\/2"}],"replies":[{"embeddable":true,"href":"https:\/\/acontecenafronteira.com.br\/index.php\/wp-json\/wp\/v2\/comments?post=10529"}],"version-history":[{"count":1,"href":"https:\/\/acontecenafronteira.com.br\/index.php\/wp-json\/wp\/v2\/posts\/10529\/revisions"}],"predecessor-version":[{"id":10538,"href":"https:\/\/acontecenafronteira.com.br\/index.php\/wp-json\/wp\/v2\/posts\/10529\/revisions\/10538"}],"wp:featuredmedia":[{"embeddable":true,"href":"https:\/\/acontecenafronteira.com.br\/index.php\/wp-json\/wp\/v2\/media\/10531"}],"wp:attachment":[{"href":"https:\/\/acontecenafronteira.com.br\/index.php\/wp-json\/wp\/v2\/media?parent=10529"}],"wp:term":[{"taxonomy":"category","embeddable":true,"href":"https:\/\/acontecenafronteira.com.br\/index.php\/wp-json\/wp\/v2\/categories?post=10529"},{"taxonomy":"post_tag","embeddable":true,"href":"https:\/\/acontecenafronteira.com.br\/index.php\/wp-json\/wp\/v2\/tags?post=10529"}],"curies":[{"name":"wp","href":"https:\/\/api.w.org\/{rel}","templated":true}]}}