{"id":10521,"date":"2022-06-28T13:05:09","date_gmt":"2022-06-28T16:05:09","guid":{"rendered":"https:\/\/acontecenafronteira.com.br\/?p=10521"},"modified":"2022-06-28T13:05:11","modified_gmt":"2022-06-28T16:05:11","slug":"etapa-estadual-da-iv-conae-discute-o-futuro-da-educacao-brasileira","status":"publish","type":"post","link":"https:\/\/acontecenafronteira.com.br\/index.php\/2022\/06\/28\/etapa-estadual-da-iv-conae-discute-o-futuro-da-educacao-brasileira\/","title":{"rendered":"Etapa Estadual da IV CONAE discute o futuro da educa\u00e7\u00e3o brasileira"},"content":{"rendered":"\n<p>Servidores da Secretaria Municipal da Educa\u00e7\u00e3o est\u00e3o mobilizados para suporte ao evento, que ocorre de forma on-line em todo o Paran\u00e1<\/p>\n\n\n\n<p>A etapa estadual da IV Confer\u00eancia Nacional de Educa\u00e7\u00e3o foi aberta nesta segunda (27), no Paran\u00e1, em um evento on-line transmitido pela Secretaria de Estado da Educa\u00e7\u00e3o e do Esporte (Seed-PR) e Secretaria Municipal da Educa\u00e7\u00e3o de Foz do Igua\u00e7u. A etapa precede a confer\u00eancia nacional e tem como tema \u201cInclus\u00e3o, equidade e qualidade: compromisso com o futuro da educa\u00e7\u00e3o brasileira\u201d.&nbsp;<br><br>A secret\u00e1ria da Educa\u00e7\u00e3o, professora Maria Justina da Silva, participou da abertura dando as boas-vindas aos participantes e comentando a import\u00e2ncia do evento. \u201cA Conae \u00e9 um espa\u00e7o democr\u00e1tico, onde discutimos as perspectivas da educa\u00e7\u00e3o e os rumos da pol\u00edtica educacional\u201d, comentou.&nbsp;<br><br>Servidores da Secretaria da Educa\u00e7\u00e3o de Foz do Igua\u00e7u est\u00e3o mobilizados para dar todo suporte ao evento, que seguir\u00e1 nesta ter\u00e7a (28) e quarta-feira (29) e ocorre simultaneamente em todo Paran\u00e1.<br><br><strong>Debate<\/strong><br><br>A IV Conae traz a oportunidade de o poder p\u00fablico discutir com a sociedade o desenvolvimento da educa\u00e7\u00e3o nos pr\u00f3ximos anos. Nesta etapa, o Comit\u00ea Estadual vai analisar e homologar emendas ao Documento Refer\u00eancia do F\u00f3rum Nacional de Educa\u00e7\u00e3o (FNE) que foram apresentadas nas 32 confer\u00eancias da etapa regional da IV Conae ? que aconteceu em abril. Ser\u00e1 elaborado, ainda, o Documento Base do Paran\u00e1 para ser encaminhado \u00e0 etapa nacional, em novembro de 2022.<br><br>\u201cEstamos sem sombra de d\u00favidas em um momento de transforma\u00e7\u00e3o no que diz respeito \u00e0 qualidade, transforma\u00e7\u00e3o e equidade\u201d afirma Silvana Avelar, que representou o secret\u00e1rio da Educa\u00e7\u00e3o do Paran\u00e1, Renato Feder, e o Conselho Estadual de Educa\u00e7\u00e3o (CEE) no evento.<br><br>A confer\u00eancia contou com uma mesa de abertura, que teve a participa\u00e7\u00e3o de diferentes autoridades da educa\u00e7\u00e3o a n\u00edvel municipal, estadual e nacional. Em seguida, aconteceu uma palestra do coordenador do F\u00f3rum Nacional de Educa\u00e7\u00e3o, professor Manoel Humberto Gonzaga Lima, sobre a inclus\u00e3o, equidade e qualidade na educa\u00e7\u00e3o.&nbsp;<br><br><strong>Eixos tem\u00e1ticos<\/strong><br><br>O tema da IV Conae possui tr\u00eas eixos principais de discuss\u00e3o. O primeiro \u00e9 relacionado ao desenvolvimento do Plano Nacional de Educa\u00e7\u00e3o 2024\u20132034, o segundo discute o uso da tecnologia relacionado \u00e0 educa\u00e7\u00e3o, e o \u00faltimo eixo debate a cria\u00e7\u00e3o do Sistema Nacional de Educa\u00e7\u00e3o (SNE).&nbsp;<br><br><strong>Programa\u00e7\u00e3o<\/strong><br><br>O primeiro dia do evento, al\u00e9m da mesa e palestra de abertura, teve leitura e aprova\u00e7\u00e3o do regimento interno da IV Conae.&nbsp; Nesta ter\u00e7a-feira (28), acontece a Plen\u00e1ria de Eixos e a Plen\u00e1ria de Segmentos Educacionais e Setores Sociais. Na quarta (29), \u00faltimo dia da IV Conae, ser\u00e1 realizada a Plen\u00e1ria Final e aprova\u00e7\u00e3o do caderno de emendas que ser\u00e1 encaminhado \u00e0 etapa nacional.&nbsp;<br><br><em>(Com informa\u00e7\u00f5es da Seed-PR)<\/em><\/p>\n","protected":false},"excerpt":{"rendered":"<p>Servidores da Secretaria Municipal da Educa\u00e7\u00e3o est\u00e3o mobilizados para suporte ao evento, que ocorre de forma on-line em todo o Paran\u00e1 A etapa estadual da IV Confer\u00eancia Nacional de Educa\u00e7\u00e3o foi aberta nesta segunda (27), no Paran\u00e1, em um evento on-line transmitido pela Secretaria de Estado da Educa\u00e7\u00e3o e do Esporte (Seed-PR) e Secretaria Municipal [&hellip;]<\/p>\n","protected":false},"author":2,"featured_media":10523,"comment_status":"open","ping_status":"open","sticky":false,"template":"","format":"standard","meta":{"om_disable_all_campaigns":false,"_monsterinsights_skip_tracking":false,"_monsterinsights_sitenote_active":false,"_monsterinsights_sitenote_note":"","_monsterinsights_sitenote_category":0,"footnotes":""},"categories":[4,8],"tags":[],"class_list":["post-10521","post","type-post","status-publish","format-standard","has-post-thumbnail","hentry","category-cidade","category-educaca0"],"_links":{"self":[{"href":"https:\/\/acontecenafronteira.com.br\/index.php\/wp-json\/wp\/v2\/posts\/10521","targetHints":{"allow":["GET"]}}],"collection":[{"href":"https:\/\/acontecenafronteira.com.br\/index.php\/wp-json\/wp\/v2\/posts"}],"about":[{"href":"https:\/\/acontecenafronteira.com.br\/index.php\/wp-json\/wp\/v2\/types\/post"}],"author":[{"embeddable":true,"href":"https:\/\/acontecenafronteira.com.br\/index.php\/wp-json\/wp\/v2\/users\/2"}],"replies":[{"embeddable":true,"href":"https:\/\/acontecenafronteira.com.br\/index.php\/wp-json\/wp\/v2\/comments?post=10521"}],"version-history":[{"count":1,"href":"https:\/\/acontecenafronteira.com.br\/index.php\/wp-json\/wp\/v2\/posts\/10521\/revisions"}],"predecessor-version":[{"id":10524,"href":"https:\/\/acontecenafronteira.com.br\/index.php\/wp-json\/wp\/v2\/posts\/10521\/revisions\/10524"}],"wp:featuredmedia":[{"embeddable":true,"href":"https:\/\/acontecenafronteira.com.br\/index.php\/wp-json\/wp\/v2\/media\/10523"}],"wp:attachment":[{"href":"https:\/\/acontecenafronteira.com.br\/index.php\/wp-json\/wp\/v2\/media?parent=10521"}],"wp:term":[{"taxonomy":"category","embeddable":true,"href":"https:\/\/acontecenafronteira.com.br\/index.php\/wp-json\/wp\/v2\/categories?post=10521"},{"taxonomy":"post_tag","embeddable":true,"href":"https:\/\/acontecenafronteira.com.br\/index.php\/wp-json\/wp\/v2\/tags?post=10521"}],"curies":[{"name":"wp","href":"https:\/\/api.w.org\/{rel}","templated":true}]}}