{"id":1051,"date":"2021-10-20T11:19:16","date_gmt":"2021-10-20T14:19:16","guid":{"rendered":"https:\/\/acontecenafronteira.com.br\/?p=1051"},"modified":"2021-10-20T11:19:17","modified_gmt":"2021-10-20T14:19:17","slug":"apos-roubo-de-aviao-em-foz-fly-foz-paraquedismo-cancela-todos-os-saltos","status":"publish","type":"post","link":"https:\/\/acontecenafronteira.com.br\/index.php\/2021\/10\/20\/apos-roubo-de-aviao-em-foz-fly-foz-paraquedismo-cancela-todos-os-saltos\/","title":{"rendered":"Ap\u00f3s roubo de avi\u00e3o em Foz, Fly Foz Paraquedismo cancela todos os saltos"},"content":{"rendered":"\n<p>Bandidos fortemente armados arrombaram o hangar e roubaram a aeronave Cessna C207, de prefixo PT-DKW, utilizada pela escola Fly Foz Paraquedismo no lan\u00e7amento de atletas e saltos duplos.<\/p>\n\n\n\n<p>Em nota, a Fly Paraquedismo informou nesta segunda-feira, 18, que cancelou todos os saltos de paraquedas previstos para os pr\u00f3ximos dias. O motivo \u00e9 o roubo do avi\u00e3o que era utilizado para os saltos.<\/p>\n\n\n\n<p><em>Nota \u00e0 imprensa:<\/em><\/p>\n\n\n\n<p><em>Na madrugada do \u00faltimo domingo, dia 17 de outubro de 2021, a Est\u00e2ncia H\u00e9rcules, localizada em Foz do Igua\u00e7u, no bairro Jardim Campo Belo, foi invadida por homens fortemente armados que arrombaram o hangar e roubaram a aeronave Cessna C207, de prefixo PT-DKW, utilizada pela escola Fly Foz Paraquedismo no lan\u00e7amento de atletas e saltos duplos.<\/em><\/p>\n\n\n\n<p><em>Os assaltantes renderam o caseiro e sua fam\u00edlia que moram no local, houve danos materiais mas sem disparos de arma de fogo ou feridos. A pol\u00edcia foi acionada e todas as provid\u00eancias para rastreamento e busca pela aeronave est\u00e3o em andamento.<\/em><\/p>\n\n\n\n<p><em>A Fly Foz Paraquedismo est\u00e1 trabalhando para retomar suas atividades o mais r\u00e1pido poss\u00edvel e agradece pelo empenho da pol\u00edcia e colabora\u00e7\u00e3o de todos para qualquer informa\u00e7\u00e3o que leve \u00e0 recupera\u00e7\u00e3o<\/em><br><em>da aeronave.<\/em><\/p>\n\n\n\n<p><em>Att,<\/em><br><em>Fly Foz Paraquedismo<\/em><\/p>\n\n\n\n<p>via Radio Cultura Foz<\/p>\n","protected":false},"excerpt":{"rendered":"<p>Bandidos fortemente armados arrombaram o hangar e roubaram a aeronave Cessna C207, de prefixo PT-DKW, utilizada pela escola Fly Foz Paraquedismo no lan\u00e7amento de atletas e saltos duplos. Em nota, a Fly Paraquedismo informou nesta segunda-feira, 18, que cancelou todos os saltos de paraquedas previstos para os pr\u00f3ximos dias. O motivo \u00e9 o roubo do [&hellip;]<\/p>\n","protected":false},"author":2,"featured_media":1052,"comment_status":"open","ping_status":"open","sticky":false,"template":"","format":"standard","meta":{"om_disable_all_campaigns":false,"_monsterinsights_skip_tracking":false,"_monsterinsights_sitenote_active":false,"_monsterinsights_sitenote_note":"","_monsterinsights_sitenote_category":0,"footnotes":""},"categories":[7],"tags":[],"class_list":["post-1051","post","type-post","status-publish","format-standard","has-post-thumbnail","hentry","category-covid-19"],"_links":{"self":[{"href":"https:\/\/acontecenafronteira.com.br\/index.php\/wp-json\/wp\/v2\/posts\/1051","targetHints":{"allow":["GET"]}}],"collection":[{"href":"https:\/\/acontecenafronteira.com.br\/index.php\/wp-json\/wp\/v2\/posts"}],"about":[{"href":"https:\/\/acontecenafronteira.com.br\/index.php\/wp-json\/wp\/v2\/types\/post"}],"author":[{"embeddable":true,"href":"https:\/\/acontecenafronteira.com.br\/index.php\/wp-json\/wp\/v2\/users\/2"}],"replies":[{"embeddable":true,"href":"https:\/\/acontecenafronteira.com.br\/index.php\/wp-json\/wp\/v2\/comments?post=1051"}],"version-history":[{"count":1,"href":"https:\/\/acontecenafronteira.com.br\/index.php\/wp-json\/wp\/v2\/posts\/1051\/revisions"}],"predecessor-version":[{"id":1053,"href":"https:\/\/acontecenafronteira.com.br\/index.php\/wp-json\/wp\/v2\/posts\/1051\/revisions\/1053"}],"wp:featuredmedia":[{"embeddable":true,"href":"https:\/\/acontecenafronteira.com.br\/index.php\/wp-json\/wp\/v2\/media\/1052"}],"wp:attachment":[{"href":"https:\/\/acontecenafronteira.com.br\/index.php\/wp-json\/wp\/v2\/media?parent=1051"}],"wp:term":[{"taxonomy":"category","embeddable":true,"href":"https:\/\/acontecenafronteira.com.br\/index.php\/wp-json\/wp\/v2\/categories?post=1051"},{"taxonomy":"post_tag","embeddable":true,"href":"https:\/\/acontecenafronteira.com.br\/index.php\/wp-json\/wp\/v2\/tags?post=1051"}],"curies":[{"name":"wp","href":"https:\/\/api.w.org\/{rel}","templated":true}]}}