{"id":10460,"date":"2022-06-27T14:49:22","date_gmt":"2022-06-27T17:49:22","guid":{"rendered":"https:\/\/acontecenafronteira.com.br\/?p=10460"},"modified":"2022-06-27T14:49:23","modified_gmt":"2022-06-27T17:49:23","slug":"proxima-edicao-da-agencia-do-trabalhador-itinerante-sera-sexta-feira-01-na-vila-c","status":"publish","type":"post","link":"https:\/\/acontecenafronteira.com.br\/index.php\/2022\/06\/27\/proxima-edicao-da-agencia-do-trabalhador-itinerante-sera-sexta-feira-01-na-vila-c\/","title":{"rendered":"Pr\u00f3xima edi\u00e7\u00e3o da Ag\u00eancia do Trabalhador Itinerante ser\u00e1 sexta-feira (01), na Vila C"},"content":{"rendered":"\n<p>A a\u00e7\u00e3o ser\u00e1 no dia 1 de julho e levar\u00e1 mais de 300 oportunidades de emprego para os moradores da regi\u00e3o<\/p>\n\n\n\n<p>Na pr\u00f3xima sexta-feira, dia 1\u00ba de julho, ser\u00e1 a vez dos moradores da Vila C receberem as oportunidades de emprego ofertadas pela Ag\u00eancia do Trabalhador de Foz do Igua\u00e7u no pr\u00f3prio bairro.<br><br>A Prefeitura Municipal, por meio da Ag\u00eancia do Trabalhador e do Banco do Empreendedor de Foz, levar\u00e1 toda a estrutura at\u00e9 a sede do Conselho Comunit\u00e1rio da Vila C, com mais de 300 vagas de emprego dispon\u00edveis.<br><br>A a\u00e7\u00e3o contar\u00e1 tamb\u00e9m com a presen\u00e7a de representantes da Cooperativa Lar, que realizar\u00e1 entrevistas no local com possibilidade de contrata\u00e7\u00e3o imediata.&nbsp;<br><br>A Ag\u00eancia do Trabalhador Itinerante acontecer\u00e1 na sede do Conselho Comunit\u00e1rio da Vila C, na Rua Vila Velha, 50. Os interessados devem comparecer at\u00e9 o local com os documentos pessoais e, se poss\u00edvel, o curr\u00edculo profissional. O atendimento ter\u00e1 in\u00edcio \u00e0s 08h30 e seguir\u00e1 at\u00e9 as 14h.&nbsp; As vagas dispon\u00edveis ser\u00e3o divulgadas no dia da a\u00e7\u00e3o.<br><br><strong>Sobre a ag\u00eancia<br><br><\/strong>A Ag\u00eancia do Trabalhador de Foz do Igua\u00e7u est\u00e1 localizada na R. Xavier da Silva, 834 \u2013 Centro. O atendimento \u00e9 das 08h30 \u00e0s 13h. Telefone: (45) 3545-5450. Diariamente as vagas de emprego dispon\u00edveis s\u00e3o publicadas no Portal da Prefeitura Municipal https:\/\/www5.pmfi.pr.gov.br\/<\/p>\n","protected":false},"excerpt":{"rendered":"<p>A a\u00e7\u00e3o ser\u00e1 no dia 1 de julho e levar\u00e1 mais de 300 oportunidades de emprego para os moradores da regi\u00e3o Na pr\u00f3xima sexta-feira, dia 1\u00ba de julho, ser\u00e1 a vez dos moradores da Vila C receberem as oportunidades de emprego ofertadas pela Ag\u00eancia do Trabalhador de Foz do Igua\u00e7u no pr\u00f3prio bairro. A Prefeitura [&hellip;]<\/p>\n","protected":false},"author":2,"featured_media":10462,"comment_status":"open","ping_status":"open","sticky":false,"template":"","format":"standard","meta":{"om_disable_all_campaigns":false,"_monsterinsights_skip_tracking":false,"_monsterinsights_sitenote_active":false,"_monsterinsights_sitenote_note":"","_monsterinsights_sitenote_category":0,"footnotes":""},"categories":[4,15],"tags":[],"class_list":["post-10460","post","type-post","status-publish","format-standard","has-post-thumbnail","hentry","category-cidade","category-trabalho"],"_links":{"self":[{"href":"https:\/\/acontecenafronteira.com.br\/index.php\/wp-json\/wp\/v2\/posts\/10460","targetHints":{"allow":["GET"]}}],"collection":[{"href":"https:\/\/acontecenafronteira.com.br\/index.php\/wp-json\/wp\/v2\/posts"}],"about":[{"href":"https:\/\/acontecenafronteira.com.br\/index.php\/wp-json\/wp\/v2\/types\/post"}],"author":[{"embeddable":true,"href":"https:\/\/acontecenafronteira.com.br\/index.php\/wp-json\/wp\/v2\/users\/2"}],"replies":[{"embeddable":true,"href":"https:\/\/acontecenafronteira.com.br\/index.php\/wp-json\/wp\/v2\/comments?post=10460"}],"version-history":[{"count":1,"href":"https:\/\/acontecenafronteira.com.br\/index.php\/wp-json\/wp\/v2\/posts\/10460\/revisions"}],"predecessor-version":[{"id":10463,"href":"https:\/\/acontecenafronteira.com.br\/index.php\/wp-json\/wp\/v2\/posts\/10460\/revisions\/10463"}],"wp:featuredmedia":[{"embeddable":true,"href":"https:\/\/acontecenafronteira.com.br\/index.php\/wp-json\/wp\/v2\/media\/10462"}],"wp:attachment":[{"href":"https:\/\/acontecenafronteira.com.br\/index.php\/wp-json\/wp\/v2\/media?parent=10460"}],"wp:term":[{"taxonomy":"category","embeddable":true,"href":"https:\/\/acontecenafronteira.com.br\/index.php\/wp-json\/wp\/v2\/categories?post=10460"},{"taxonomy":"post_tag","embeddable":true,"href":"https:\/\/acontecenafronteira.com.br\/index.php\/wp-json\/wp\/v2\/tags?post=10460"}],"curies":[{"name":"wp","href":"https:\/\/api.w.org\/{rel}","templated":true}]}}