{"id":10438,"date":"2022-06-27T10:24:01","date_gmt":"2022-06-27T13:24:01","guid":{"rendered":"https:\/\/acontecenafronteira.com.br\/?p=10438"},"modified":"2022-06-27T10:24:02","modified_gmt":"2022-06-27T13:24:02","slug":"humberto-martins-foi-recebido-pelo-diretor-geral-brasileiro-e-plantou-arvore-no-bosque-dos-visitantes-ele-esteve-na-cidade-para-participar-de-seminario-sobre-seguranca-juridica","status":"publish","type":"post","link":"https:\/\/acontecenafronteira.com.br\/index.php\/2022\/06\/27\/humberto-martins-foi-recebido-pelo-diretor-geral-brasileiro-e-plantou-arvore-no-bosque-dos-visitantes-ele-esteve-na-cidade-para-participar-de-seminario-sobre-seguranca-juridica\/","title":{"rendered":"Humberto Martins foi recebido pelo diretor-geral brasileiro e plantou \u00e1rvore no Bosque dos Visitantes. Ele esteve na cidade para participar de semin\u00e1rio sobre seguran\u00e7a jur\u00eddica."},"content":{"rendered":"\n<p id=\"block-e2fdab87-5a65-4d7f-a404-b677fb1246a9\">O presidente do Superior Tribunal de Justi\u00e7a (STJ), ministro Humberto Martins, visitou a Itaipu Binacional nesta quinta-feira (23) e destacou o papel da hidrel\u00e9trica para garantir a seguran\u00e7a energ\u00e9tica do Brasil e Paraguai, s\u00f3cios no empreendimento. Ele tamb\u00e9m falou sobre os diversos programas da empresa para a promo\u00e7\u00e3o do desenvolvimento regional, social e de prote\u00e7\u00e3o ao meio ambiente.<\/p>\n\n\n\n<p id=\"block-627ce81b-ad9c-4f04-977a-be1e0190f2e2\">Segundo o ministro, que tamb\u00e9m \u00e9 presidente do Conselho da Justi\u00e7a Federal (CJF), a Itaipu contribui para a constru\u00e7\u00e3o de um Pa\u00eds mais justo e com qualidade de vida. \u201c\u00c9 assim que se constr\u00f3i uma na\u00e7\u00e3o: com muito trabalho, com muita determina\u00e7\u00e3o, com tecnologia, mas satisfazendo o interesse do seu povo\u201d, afirmou.<\/p>\n\n\n\n<p id=\"block-d2d20f03-b5d6-4b8e-a8b4-3025b897caa9\">Humberto Martins e comitiva foram recebidos pelo diretor-geral brasileiro, Anatalicio Risden Junior, e pelo diretor de Coordena\u00e7\u00e3o, Luiz Felipe Carbonell. Ele plantou uma \u00e1rvore (jabuticabeira) no Bosque dos Visitantes e seguiu para a visita t\u00e9cnica \u00e0 usina.<\/p>\n\n\n\n<p id=\"block-6d485d8f-26db-40ee-9e5b-7109ef9ed60d\">Na hidrel\u00e9trica, acompanhado por Risden, o ministro conheceu a Sala de Supervis\u00e3o e Controle Central (CCR), observou o eixo da turbina em movimento, acompanhou os trabalhos de manuten\u00e7\u00e3o na caixa espiral da unidade geradora n\u00famero 7 e desceu at\u00e9 a cota 40, no antigo leito do Rio Paran\u00e1. \u201cEu j\u00e1 estive na Itaipu algumas vezes, mas uma visita como essa \u00e9 a primeira vez. Fico encantado e ao mesmo tempo vejo a grandeza e a pujan\u00e7a do Brasil\u201d, afirmou.<\/p>\n\n\n\n<p id=\"block-9d0e6f28-467e-4e21-83de-1c36aeeae10b\">Martins tamb\u00e9m comentou sobre a natureza jur\u00eddica de Itaipu, uma empresa binacional criada por tratado assinado por Brasil e Paraguai. \u201cPara haver esse acordo de vontade de dois ou mais pa\u00edses, tem que ocorrer com seguran\u00e7a jur\u00eddica. E essa seguran\u00e7a jur\u00eddica \u00e9 que faz com que outros pa\u00edses possam se espelhar no Brasil. Porque o Brasil est\u00e1 preparado, no campo da legisla\u00e7\u00e3o, a exemplo do STJ, para dar essa estabilidade.\u201d<\/p>\n\n\n\n<p id=\"block-fa8451e7-978e-452d-b402-32075c55c34d\"><strong>Semin\u00e1rio em Foz<\/strong><\/p>\n\n\n\n<p id=\"block-581c4016-c8c1-496d-ad81-0ea4f6e54526\">Humberto Martins esteve em Foz do Igua\u00e7u para participar, ainda na noite de quarta-feira (24), do semin\u00e1rio &#8220;Seguran\u00e7a jur\u00eddica e desenvolvimento econ\u00f4mico\u201d, no Centro Universit\u00e1rio UDC. O evento contou com apoio da Itaipu Binacional e de outras institui\u00e7\u00f5es e com a presen\u00e7a de alunos dos cursos de Direito e de Rela\u00e7\u00f5es Internacionais.&nbsp;<\/p>\n\n\n\n<p id=\"block-54d68a34-1fa1-4018-a27c-829465da9c1d\">O diretor-geral brasileiro de Itaipu, Anatalicio Risden Junior, foi um dos palestrantes e mencionou o Tratado de Itaipu, assinado em 1973 por Brasil e Paraguai, como exemplo de seguran\u00e7a jur\u00eddica e refer\u00eancia em acordos binacionais.<\/p>\n\n\n\n<figure class=\"wp-block-gallery has-nested-images columns-default is-cropped wp-block-gallery-1 is-layout-flex wp-block-gallery-is-layout-flex\">\n<figure class=\"wp-block-image size-large is-style-default\"><img loading=\"lazy\" decoding=\"async\" width=\"1024\" height=\"684\" data-id=\"10439\" src=\"https:\/\/acontecenafronteira.com.br\/wp-content\/uploads\/2022\/06\/62b615861089b20220623RK1284-1024x684.jpg\" alt=\"\" class=\"wp-image-10439\" srcset=\"https:\/\/acontecenafronteira.com.br\/wp-content\/uploads\/2022\/06\/62b615861089b20220623RK1284-1024x684.jpg 1024w, https:\/\/acontecenafronteira.com.br\/wp-content\/uploads\/2022\/06\/62b615861089b20220623RK1284-300x200.jpg 300w, https:\/\/acontecenafronteira.com.br\/wp-content\/uploads\/2022\/06\/62b615861089b20220623RK1284-768x513.jpg 768w, https:\/\/acontecenafronteira.com.br\/wp-content\/uploads\/2022\/06\/62b615861089b20220623RK1284-1536x1025.jpg 1536w, https:\/\/acontecenafronteira.com.br\/wp-content\/uploads\/2022\/06\/62b615861089b20220623RK1284.jpg 2048w\" sizes=\"auto, (max-width: 1024px) 100vw, 1024px\" \/><\/figure>\n\n\n\n<figure class=\"wp-block-image size-large is-style-default\"><img loading=\"lazy\" decoding=\"async\" width=\"1024\" height=\"684\" data-id=\"10442\" src=\"https:\/\/acontecenafronteira.com.br\/wp-content\/uploads\/2022\/06\/62b6157f0404220220623RK1282-1024x684.jpg\" alt=\"\" class=\"wp-image-10442\" srcset=\"https:\/\/acontecenafronteira.com.br\/wp-content\/uploads\/2022\/06\/62b6157f0404220220623RK1282-1024x684.jpg 1024w, https:\/\/acontecenafronteira.com.br\/wp-content\/uploads\/2022\/06\/62b6157f0404220220623RK1282-300x200.jpg 300w, https:\/\/acontecenafronteira.com.br\/wp-content\/uploads\/2022\/06\/62b6157f0404220220623RK1282-768x513.jpg 768w, https:\/\/acontecenafronteira.com.br\/wp-content\/uploads\/2022\/06\/62b6157f0404220220623RK1282-1536x1025.jpg 1536w, https:\/\/acontecenafronteira.com.br\/wp-content\/uploads\/2022\/06\/62b6157f0404220220623RK1282.jpg 2048w\" sizes=\"auto, (max-width: 1024px) 100vw, 1024px\" \/><\/figure>\n\n\n\n<figure class=\"wp-block-image size-large is-style-default\"><img loading=\"lazy\" decoding=\"async\" width=\"1024\" height=\"684\" data-id=\"10441\" src=\"https:\/\/acontecenafronteira.com.br\/wp-content\/uploads\/2022\/06\/62b615780a59920220623RK1271-1024x684.jpg\" alt=\"\" class=\"wp-image-10441\" srcset=\"https:\/\/acontecenafronteira.com.br\/wp-content\/uploads\/2022\/06\/62b615780a59920220623RK1271-1024x684.jpg 1024w, https:\/\/acontecenafronteira.com.br\/wp-content\/uploads\/2022\/06\/62b615780a59920220623RK1271-300x200.jpg 300w, https:\/\/acontecenafronteira.com.br\/wp-content\/uploads\/2022\/06\/62b615780a59920220623RK1271-768x513.jpg 768w, https:\/\/acontecenafronteira.com.br\/wp-content\/uploads\/2022\/06\/62b615780a59920220623RK1271-1536x1025.jpg 1536w, https:\/\/acontecenafronteira.com.br\/wp-content\/uploads\/2022\/06\/62b615780a59920220623RK1271.jpg 2048w\" sizes=\"auto, (max-width: 1024px) 100vw, 1024px\" \/><\/figure>\n\n\n\n<figure class=\"wp-block-image size-large is-style-default\"><img loading=\"lazy\" decoding=\"async\" width=\"1024\" height=\"684\" data-id=\"10443\" src=\"https:\/\/acontecenafronteira.com.br\/wp-content\/uploads\/2022\/06\/62b61572092e620220623RK1262-1024x684.jpg\" alt=\"\" class=\"wp-image-10443\" srcset=\"https:\/\/acontecenafronteira.com.br\/wp-content\/uploads\/2022\/06\/62b61572092e620220623RK1262-1024x684.jpg 1024w, https:\/\/acontecenafronteira.com.br\/wp-content\/uploads\/2022\/06\/62b61572092e620220623RK1262-300x200.jpg 300w, https:\/\/acontecenafronteira.com.br\/wp-content\/uploads\/2022\/06\/62b61572092e620220623RK1262-768x513.jpg 768w, https:\/\/acontecenafronteira.com.br\/wp-content\/uploads\/2022\/06\/62b61572092e620220623RK1262-1536x1025.jpg 1536w, https:\/\/acontecenafronteira.com.br\/wp-content\/uploads\/2022\/06\/62b61572092e620220623RK1262.jpg 2048w\" sizes=\"auto, (max-width: 1024px) 100vw, 1024px\" \/><\/figure>\n\n\n\n<figure class=\"wp-block-image size-large is-style-default\"><img loading=\"lazy\" decoding=\"async\" width=\"1024\" height=\"684\" data-id=\"10440\" src=\"https:\/\/acontecenafronteira.com.br\/wp-content\/uploads\/2022\/06\/62b6156ad97a620220623RK1247-1024x684.jpg\" alt=\"\" class=\"wp-image-10440\" srcset=\"https:\/\/acontecenafronteira.com.br\/wp-content\/uploads\/2022\/06\/62b6156ad97a620220623RK1247-1024x684.jpg 1024w, https:\/\/acontecenafronteira.com.br\/wp-content\/uploads\/2022\/06\/62b6156ad97a620220623RK1247-300x200.jpg 300w, https:\/\/acontecenafronteira.com.br\/wp-content\/uploads\/2022\/06\/62b6156ad97a620220623RK1247-768x513.jpg 768w, https:\/\/acontecenafronteira.com.br\/wp-content\/uploads\/2022\/06\/62b6156ad97a620220623RK1247-1536x1025.jpg 1536w, https:\/\/acontecenafronteira.com.br\/wp-content\/uploads\/2022\/06\/62b6156ad97a620220623RK1247.jpg 2048w\" sizes=\"auto, (max-width: 1024px) 100vw, 1024px\" \/><\/figure>\n<\/figure>\n\n\n\n<p>Cr\u00e9dito:\u00a0<em>Rafael Kondlatsch\/Itaipu Binacional.<\/em><\/p>\n","protected":false},"excerpt":{"rendered":"<p>O presidente do Superior Tribunal de Justi\u00e7a (STJ), ministro Humberto Martins, visitou a Itaipu Binacional nesta quinta-feira (23) e destacou o papel da hidrel\u00e9trica para garantir a seguran\u00e7a energ\u00e9tica do Brasil e Paraguai, s\u00f3cios no empreendimento. Ele tamb\u00e9m falou sobre os diversos programas da empresa para a promo\u00e7\u00e3o do desenvolvimento regional, social e de prote\u00e7\u00e3o [&hellip;]<\/p>\n","protected":false},"author":2,"featured_media":10444,"comment_status":"open","ping_status":"open","sticky":false,"template":"","format":"standard","meta":{"om_disable_all_campaigns":false,"_monsterinsights_skip_tracking":false,"_monsterinsights_sitenote_active":false,"_monsterinsights_sitenote_note":"","_monsterinsights_sitenote_category":0,"footnotes":""},"categories":[4,11],"tags":[],"class_list":["post-10438","post","type-post","status-publish","format-standard","has-post-thumbnail","hentry","category-cidade","category-itaipu"],"_links":{"self":[{"href":"https:\/\/acontecenafronteira.com.br\/index.php\/wp-json\/wp\/v2\/posts\/10438","targetHints":{"allow":["GET"]}}],"collection":[{"href":"https:\/\/acontecenafronteira.com.br\/index.php\/wp-json\/wp\/v2\/posts"}],"about":[{"href":"https:\/\/acontecenafronteira.com.br\/index.php\/wp-json\/wp\/v2\/types\/post"}],"author":[{"embeddable":true,"href":"https:\/\/acontecenafronteira.com.br\/index.php\/wp-json\/wp\/v2\/users\/2"}],"replies":[{"embeddable":true,"href":"https:\/\/acontecenafronteira.com.br\/index.php\/wp-json\/wp\/v2\/comments?post=10438"}],"version-history":[{"count":1,"href":"https:\/\/acontecenafronteira.com.br\/index.php\/wp-json\/wp\/v2\/posts\/10438\/revisions"}],"predecessor-version":[{"id":10445,"href":"https:\/\/acontecenafronteira.com.br\/index.php\/wp-json\/wp\/v2\/posts\/10438\/revisions\/10445"}],"wp:featuredmedia":[{"embeddable":true,"href":"https:\/\/acontecenafronteira.com.br\/index.php\/wp-json\/wp\/v2\/media\/10444"}],"wp:attachment":[{"href":"https:\/\/acontecenafronteira.com.br\/index.php\/wp-json\/wp\/v2\/media?parent=10438"}],"wp:term":[{"taxonomy":"category","embeddable":true,"href":"https:\/\/acontecenafronteira.com.br\/index.php\/wp-json\/wp\/v2\/categories?post=10438"},{"taxonomy":"post_tag","embeddable":true,"href":"https:\/\/acontecenafronteira.com.br\/index.php\/wp-json\/wp\/v2\/tags?post=10438"}],"curies":[{"name":"wp","href":"https:\/\/api.w.org\/{rel}","templated":true}]}}