{"id":10427,"date":"2022-06-27T10:21:45","date_gmt":"2022-06-27T13:21:45","guid":{"rendered":"https:\/\/acontecenafronteira.com.br\/?p=10427"},"modified":"2022-06-27T14:57:54","modified_gmt":"2022-06-27T17:57:54","slug":"atividades-pedagogicas-envolvem-130-alunos-de-comunidades-indigenas","status":"publish","type":"post","link":"https:\/\/acontecenafronteira.com.br\/index.php\/2022\/06\/27\/atividades-pedagogicas-envolvem-130-alunos-de-comunidades-indigenas\/","title":{"rendered":"Atividades pedag\u00f3gicas envolvem\u00a0130 alunos de comunidades ind\u00edgenas"},"content":{"rendered":"\n<p>Jovens receberam informa\u00e7\u00f5es sobre plantas medicinais e plantaram mudas doadas por Itaipu nas hortas das escolas. A\u00e7\u00e3o integrou atividades da Semana do Meio Ambiente.<\/p>\n\n\n\n<p>Mais de 130 alunos de escolas ind\u00edgenas da regi\u00e3o participaram, no in\u00edcio do m\u00eas, de oficinas sobre plantas medicinais, aliment\u00edcias n\u00e3o convencionais (PANC), condimentares e arom\u00e1ticas. Eles tamb\u00e9m fizeram o plantio de mudas doadas por Itaipu nas hortas das escolas.<\/p>\n\n\n\n<p>As atividades envolveram alunos do 1\u00ba ao 5\u00ba ano do ensino fundamental e foram conduzidas por Marcos Carvalho, da Divis\u00e3o de A\u00e7\u00e3o Ambiental de Itaipu (\u00e1rea da empresa que atua com as comunidades ind\u00edgenas), com o acompanhamento de professores e diretores das escolas e lideran\u00e7as ind\u00edgenas.<\/p>\n\n\n\n<p>No dia 7 de junho, as a\u00e7\u00f5es foram na escola ind\u00edgena Teko \u00d1emoingo, na comunidade do Ocoy, em S\u00e3o Miguel do Igua\u00e7u (60 alunos); no dia 8, nas escolas ind\u00edgenas Kuaa Mbo\u2019e, na aldeia A\u00f1etete (32 alunos), e Araju Por\u00e3, na aldeia Itamar\u00e3 (45 alunos), ambas em Diamante D\u2019Oeste.<\/p>\n\n\n\n<p>Segundo Sergio Angheben, da Divis\u00e3o de A\u00e7\u00e3o Ambiental da empresa, \u201cessa a\u00e7\u00e3o foi parte de um conjunto de atividades desenvolvidas na Semana do Meio Ambiente, trazendo o tema nas escolas ind\u00edgenas, sobre a tradi\u00e7\u00e3o dos guaranis no uso de plantas medicinais, arom\u00e1ticas e condimentares\u201d. \u201cTemos como exemplo o costume do consumo do chimarr\u00e3o e do terer\u00e9, que foi incorporado na nossa cultura, originalmente utilizado pelos povos ind\u00edgenas\u201d, explicou.<\/p>\n\n\n\n<p>Para a Itaipu, ele acrescenta, as plantas medicinais s\u00e3o uma importante ferramenta de conserva\u00e7\u00e3o da biodiversidade, desenvolvimento econ\u00f4mico da regi\u00e3o, valoriza\u00e7\u00e3o da cultura, e conscientiza\u00e7\u00e3o da popula\u00e7\u00e3o quanto \u00e0 import\u00e2ncia da conserva\u00e7\u00e3o de esp\u00e9cies nativas.<\/p>\n\n\n\n<p><strong>Apoio a comunidades ind\u00edgenas<\/strong><\/p>\n\n\n\n<p>A Itaipu mant\u00e9m conv\u00eanios com os munic\u00edpios de S\u00e3o Miguel do Igua\u00e7u e Diamante D\u2019Oeste, por meio do Programa Sustentabilidade das Comunidades Ind\u00edgenas, para dar apoio \u00e0s tr\u00eas comunidades (Ocoy, A\u00f1etete e Itamar\u00e3).<\/p>\n\n\n\n<p>O objetivo \u00e9 promover o respeito \u00e0 diversidade e a valoriza\u00e7\u00e3o da cultura guarani. Tamb\u00e9m busca a melhoria da qualidade de vida da popula\u00e7\u00e3o, promovendo a infraestrutura, a seguran\u00e7a alimentar e nutricional e fomentando a produ\u00e7\u00e3o agropecu\u00e1ria.<\/p>\n\n\n","protected":false},"excerpt":{"rendered":"<p>Jovens receberam informa\u00e7\u00f5es sobre plantas medicinais e plantaram mudas doadas por Itaipu nas hortas das escolas. A\u00e7\u00e3o integrou atividades da Semana do Meio Ambiente. Mais de 130 alunos de escolas ind\u00edgenas da regi\u00e3o participaram, no in\u00edcio do m\u00eas, de oficinas sobre plantas medicinais, aliment\u00edcias n\u00e3o convencionais (PANC), condimentares e arom\u00e1ticas. Eles tamb\u00e9m fizeram o plantio [&hellip;]<\/p>\n","protected":false},"author":2,"featured_media":10432,"comment_status":"open","ping_status":"open","sticky":false,"template":"","format":"standard","meta":{"om_disable_all_campaigns":false,"_monsterinsights_skip_tracking":false,"_monsterinsights_sitenote_active":false,"_monsterinsights_sitenote_note":"","_monsterinsights_sitenote_category":0,"footnotes":""},"categories":[4,11],"tags":[],"class_list":["post-10427","post","type-post","status-publish","format-standard","has-post-thumbnail","hentry","category-cidade","category-itaipu"],"_links":{"self":[{"href":"https:\/\/acontecenafronteira.com.br\/index.php\/wp-json\/wp\/v2\/posts\/10427","targetHints":{"allow":["GET"]}}],"collection":[{"href":"https:\/\/acontecenafronteira.com.br\/index.php\/wp-json\/wp\/v2\/posts"}],"about":[{"href":"https:\/\/acontecenafronteira.com.br\/index.php\/wp-json\/wp\/v2\/types\/post"}],"author":[{"embeddable":true,"href":"https:\/\/acontecenafronteira.com.br\/index.php\/wp-json\/wp\/v2\/users\/2"}],"replies":[{"embeddable":true,"href":"https:\/\/acontecenafronteira.com.br\/index.php\/wp-json\/wp\/v2\/comments?post=10427"}],"version-history":[{"count":3,"href":"https:\/\/acontecenafronteira.com.br\/index.php\/wp-json\/wp\/v2\/posts\/10427\/revisions"}],"predecessor-version":[{"id":10488,"href":"https:\/\/acontecenafronteira.com.br\/index.php\/wp-json\/wp\/v2\/posts\/10427\/revisions\/10488"}],"wp:featuredmedia":[{"embeddable":true,"href":"https:\/\/acontecenafronteira.com.br\/index.php\/wp-json\/wp\/v2\/media\/10432"}],"wp:attachment":[{"href":"https:\/\/acontecenafronteira.com.br\/index.php\/wp-json\/wp\/v2\/media?parent=10427"}],"wp:term":[{"taxonomy":"category","embeddable":true,"href":"https:\/\/acontecenafronteira.com.br\/index.php\/wp-json\/wp\/v2\/categories?post=10427"},{"taxonomy":"post_tag","embeddable":true,"href":"https:\/\/acontecenafronteira.com.br\/index.php\/wp-json\/wp\/v2\/tags?post=10427"}],"curies":[{"name":"wp","href":"https:\/\/api.w.org\/{rel}","templated":true}]}}