{"id":10415,"date":"2022-06-27T10:06:36","date_gmt":"2022-06-27T13:06:36","guid":{"rendered":"https:\/\/acontecenafronteira.com.br\/?p=10415"},"modified":"2022-06-27T10:06:38","modified_gmt":"2022-06-27T13:06:38","slug":"obras-na-avenida-olimpio-rafagnin-estao-na-ultima-etapa","status":"publish","type":"post","link":"https:\/\/acontecenafronteira.com.br\/index.php\/2022\/06\/27\/obras-na-avenida-olimpio-rafagnin-estao-na-ultima-etapa\/","title":{"rendered":"Obras na Avenida Ol\u00edmpio Rafagnin est\u00e3o na \u00faltima etapa"},"content":{"rendered":"\n<p>Pr\u00f3xima fase ser\u00e1 a pavimenta\u00e7\u00e3o asf\u00e1ltica, que deve ser executada com agilidade<\/p>\n\n\n\n<p><em>Foto: Thiago Dutra\/PMFI.<\/em><br><br>As obras na Avenida Ol\u00edmpio Rafagnin, uma das marginais da BR-277 na entrada de Foz do Igua\u00e7u, j\u00e1 est\u00e3o na \u00faltima etapa para a conclus\u00e3o. A informa\u00e7\u00e3o \u00e9 do secret\u00e1rio municipal de Obras, Cezar Furlan. Segundo ele, os trabalhos est\u00e3o na fase de fresagem de alguns trechos, que vai permitir a coloca\u00e7\u00e3o da nova camada asf\u00e1ltica.<br><br>&#8220;Vai ser iniciado nos pr\u00f3ximos dias, aquele trecho depois do pontilh\u00e3o (trincheira) da sa\u00edda da cidade que vai at\u00e9 o final da avenida. A parte da fresagem (remo\u00e7\u00e3o de cobertura asf\u00e1ltica com defeito) est\u00e1 pr\u00f3ximo ao Posto Gasparim&#8221;, adiantou o secret\u00e1rio.<br><br>As obras da via, na regi\u00e3o de Tr\u00eas Lagoas, foram paralisadas em 2016 pela Opera\u00e7\u00e3o Pec\u00falio da Pol\u00edcia Federal e retomadas pela prefeitura no final do m\u00eas de novembro. A avenida tem sete quil\u00f4metros de extens\u00e3o e liga a regi\u00e3o com a entrada de Foz do Igua\u00e7u pela BR-227. O investimento na estrutura \u00e9 superior a R$&nbsp; 8,6 milh\u00f5es.<br><br>&#8220;A partir deste ponto j\u00e1 est\u00e1 vindo com as capas de pavimento&#8221;, ressaltou Furlan. Ap\u00f3s a remo\u00e7\u00e3o do asfalto antigo nestes pontos, come\u00e7a a prepara\u00e7\u00e3o da base, sub-base na parte final da via. A obra, considerada complexa por se tratar de uma regi\u00e3o alagadi\u00e7a, \u00e9 muito aguardada por moradores e comerciantes da regi\u00e3o.<br><br>&#8220;A obra est\u00e1 ocorrendo normalmente. A aplica\u00e7\u00e3o da capa asf\u00e1ltica tem um peso muito grande, mas \u00e9 feita de maneira bem r\u00e1pida. Acredito que passando esta fase da base e sub-base, vamos ter ela pavimentada com a primeira camada por toda extens\u00e3o&#8221;, destacou.<br><br><strong>Clima<\/strong><br><br>O secret\u00e1rio informou que as mudan\u00e7as clim\u00e1ticas atrapalharam um pouco, mas os trabalhadores est\u00e3o recuperando o cronograma.<br><br>&#8220;Nosso grande receio era estabilizar aquele solo, porque sempre foi bastante comentado, ali realmente \u00e9 um lugar de solos moles (banhado)&#8221;, ressaltou Furlan. De acordo com ele, t\u00e9cnicos de engenharia, junto com a empresa que est\u00e1 executando os trabalhos, tiveram no local e estabilizaram o solo. &#8220;Foi uma medida necess\u00e1ria para resolver este problema&#8221;, concluiu.<br><br><strong>Canteiro de obras<\/strong><br><br>O grande volume de trabalhadores e equipamentos no trecho da avenida chamam a aten\u00e7\u00e3o de quem passa na regi\u00e3o pela BR-277. Os trabalhos em todos a extens\u00e3o dos sete quil\u00f4metros s\u00e3o intensos. Nas primeiras etapas foram realizados os servi\u00e7os de drenagem e instala\u00e7\u00e3o do solo mole. Em seguida come\u00e7ou a execu\u00e7\u00e3o de bases e sub-bases.<br><br>Na quarta fase, o trabalho ser\u00e1 de pavimenta\u00e7\u00e3o e na \u00faltima o servi\u00e7o de paisagismo. Entre os servi\u00e7os previstos est\u00e3o a recomposi\u00e7\u00e3o de meio-fios, cal\u00e7adas, ciclovias, galerias pluviais, pontos de \u00f4nibus, sinaliza\u00e7\u00e3o vi\u00e1ria, paisagismo, a remo\u00e7\u00e3o do antigo pavimento e a execu\u00e7\u00e3o de novas bases e sub-bases da via.<br><br>As obras s\u00e3o custeadas com recursos da Prefeitura de Foz do Igua\u00e7u. Os trabalhos no local foram paralisados em 2016 atrav\u00e9s da Opera\u00e7\u00e3o Pec\u00falio da Pol\u00edcia Federal que identificou irregularidades na execu\u00e7\u00e3o.<\/p>\n","protected":false},"excerpt":{"rendered":"<p>Pr\u00f3xima fase ser\u00e1 a pavimenta\u00e7\u00e3o asf\u00e1ltica, que deve ser executada com agilidade Foto: Thiago Dutra\/PMFI. As obras na Avenida Ol\u00edmpio Rafagnin, uma das marginais da BR-277 na entrada de Foz do Igua\u00e7u, j\u00e1 est\u00e3o na \u00faltima etapa para a conclus\u00e3o. A informa\u00e7\u00e3o \u00e9 do secret\u00e1rio municipal de Obras, Cezar Furlan. Segundo ele, os trabalhos est\u00e3o [&hellip;]<\/p>\n","protected":false},"author":2,"featured_media":10417,"comment_status":"open","ping_status":"open","sticky":false,"template":"","format":"standard","meta":{"om_disable_all_campaigns":false,"_monsterinsights_skip_tracking":false,"_monsterinsights_sitenote_active":false,"_monsterinsights_sitenote_note":"","_monsterinsights_sitenote_category":0,"footnotes":""},"categories":[4,14],"tags":[],"class_list":["post-10415","post","type-post","status-publish","format-standard","has-post-thumbnail","hentry","category-cidade","category-obras"],"_links":{"self":[{"href":"https:\/\/acontecenafronteira.com.br\/index.php\/wp-json\/wp\/v2\/posts\/10415","targetHints":{"allow":["GET"]}}],"collection":[{"href":"https:\/\/acontecenafronteira.com.br\/index.php\/wp-json\/wp\/v2\/posts"}],"about":[{"href":"https:\/\/acontecenafronteira.com.br\/index.php\/wp-json\/wp\/v2\/types\/post"}],"author":[{"embeddable":true,"href":"https:\/\/acontecenafronteira.com.br\/index.php\/wp-json\/wp\/v2\/users\/2"}],"replies":[{"embeddable":true,"href":"https:\/\/acontecenafronteira.com.br\/index.php\/wp-json\/wp\/v2\/comments?post=10415"}],"version-history":[{"count":1,"href":"https:\/\/acontecenafronteira.com.br\/index.php\/wp-json\/wp\/v2\/posts\/10415\/revisions"}],"predecessor-version":[{"id":10418,"href":"https:\/\/acontecenafronteira.com.br\/index.php\/wp-json\/wp\/v2\/posts\/10415\/revisions\/10418"}],"wp:featuredmedia":[{"embeddable":true,"href":"https:\/\/acontecenafronteira.com.br\/index.php\/wp-json\/wp\/v2\/media\/10417"}],"wp:attachment":[{"href":"https:\/\/acontecenafronteira.com.br\/index.php\/wp-json\/wp\/v2\/media?parent=10415"}],"wp:term":[{"taxonomy":"category","embeddable":true,"href":"https:\/\/acontecenafronteira.com.br\/index.php\/wp-json\/wp\/v2\/categories?post=10415"},{"taxonomy":"post_tag","embeddable":true,"href":"https:\/\/acontecenafronteira.com.br\/index.php\/wp-json\/wp\/v2\/tags?post=10415"}],"curies":[{"name":"wp","href":"https:\/\/api.w.org\/{rel}","templated":true}]}}