{"id":10391,"date":"2022-06-23T19:18:15","date_gmt":"2022-06-23T22:18:15","guid":{"rendered":"https:\/\/acontecenafronteira.com.br\/?p=10391"},"modified":"2022-06-23T19:18:16","modified_gmt":"2022-06-23T22:18:16","slug":"jaqueline-tontini-assume-interinamente-direcao-da-fundacao-municipal-de-saude","status":"publish","type":"post","link":"https:\/\/acontecenafronteira.com.br\/index.php\/2022\/06\/23\/jaqueline-tontini-assume-interinamente-direcao-da-fundacao-municipal-de-saude\/","title":{"rendered":"Jaqueline Tontini assume interinamente dire\u00e7\u00e3o da Funda\u00e7\u00e3o Municipal de Sa\u00fade"},"content":{"rendered":"\n<p>Decis\u00e3o foi anunciada em reuni\u00e3o do Conselho Curador na tarde desta quinta-feira pela ent\u00e3o secret\u00e1ria de sa\u00fade, que se afasta do cargo, e pelo prefeito Chico Brasileiro<\/p>\n\n\n\n<p>A secret\u00e1ria municipal de Sa\u00fade, Jaqueline Tontini, se afasta do cargo para assumir temporariamente a gest\u00e3o da Funda\u00e7\u00e3o Municipal de Sa\u00fade, em substitui\u00e7\u00e3o ao m\u00e9dico Amon Mendes Franco de Sousa.<\/p>\n\n\n\n<p>A decis\u00e3o foi anunciada nesta quinta-feira (23) durante reuni\u00e3o do Conselho Curador da institui\u00e7\u00e3o. A mudan\u00e7a no comando da funda\u00e7\u00e3o atende a uma recomenda\u00e7\u00e3o administrativa do Minist\u00e9rio P\u00fablico do Estado do Paran\u00e1.<\/p>\n\n\n\n<p>O nome da ent\u00e3o secret\u00e1ria de Sa\u00fade, Jaqueline Tontini, de acordo com o prefeito Chico Brasileiro, foi escolhido porque atende aos requisitos do estatuto da funda\u00e7\u00e3o e tamb\u00e9m para garantir que o per\u00edodo de transi\u00e7\u00e3o seja gerido por uma pessoa que possui conhecimento do sistema de sa\u00fade municipal.<\/p>\n\n\n\n<p>&#8220;O hospital precisa funcionar 24h com uma gest\u00e3o atuante e presente, por isso o nome da Jaqueline foi uma decis\u00e3o conjunta para esse per\u00edodo&#8221;, disse o prefeito. O objetivo \u00e9 que na pr\u00f3xima semana seja apresentado o nome que dever\u00e1 assumir a dire\u00e7\u00e3o ap\u00f3s essa transi\u00e7\u00e3o. At\u00e9 ent\u00e3o, conforme Brasileiro, ele mesmo poder\u00e1 assumir cumulativamente a Secretaria de Sa\u00fade ou nomear outra pessoa.<\/p>\n\n\n\n<p>O prefeito tamb\u00e9m agradeceu ao m\u00e9dico Amon Mendes Franco de Sousa, que ficou \u00e0 frente da dire\u00e7\u00e3o da funda\u00e7\u00e3o desde junho de 2021.<\/p>\n\n\n\n<p>&#8220;\u00c9 um desafio enorme para mim, \u00e9 uma \u00e1rea que nunca atuei diretamente, mas tenho certeza que na Funda\u00e7\u00e3o e no Hospital Municipal tem pessoas excelentes de apoio e suporte, assim como tenho na Secretaria Municipal de Sa\u00fade&#8221;, afirmou Jaqueline Tontini. &#8220;Vamos seguir atuando para que a popula\u00e7\u00e3o tenha uma assist\u00eancia de qualidade em toda a rede municipal de Sa\u00fade&#8221;, complementou.<\/p>\n\n\n\n<figure class=\"wp-block-image size-large is-style-default\"><img loading=\"lazy\" decoding=\"async\" width=\"1024\" height=\"765\" src=\"https:\/\/acontecenafronteira.com.br\/wp-content\/uploads\/2022\/06\/WhatsApp-Image-2022-06-23-at-17.31.16-1-1024x765.jpeg\" alt=\"\" class=\"wp-image-10393\" srcset=\"https:\/\/acontecenafronteira.com.br\/wp-content\/uploads\/2022\/06\/WhatsApp-Image-2022-06-23-at-17.31.16-1-1024x765.jpeg 1024w, https:\/\/acontecenafronteira.com.br\/wp-content\/uploads\/2022\/06\/WhatsApp-Image-2022-06-23-at-17.31.16-1-300x224.jpeg 300w, https:\/\/acontecenafronteira.com.br\/wp-content\/uploads\/2022\/06\/WhatsApp-Image-2022-06-23-at-17.31.16-1-768x574.jpeg 768w, https:\/\/acontecenafronteira.com.br\/wp-content\/uploads\/2022\/06\/WhatsApp-Image-2022-06-23-at-17.31.16-1-1536x1148.jpeg 1536w, https:\/\/acontecenafronteira.com.br\/wp-content\/uploads\/2022\/06\/WhatsApp-Image-2022-06-23-at-17.31.16-1.jpeg 1600w\" sizes=\"auto, (max-width: 1024px) 100vw, 1024px\" \/><\/figure>\n\n\n\n<p><\/p>\n","protected":false},"excerpt":{"rendered":"<p>Decis\u00e3o foi anunciada em reuni\u00e3o do Conselho Curador na tarde desta quinta-feira pela ent\u00e3o secret\u00e1ria de sa\u00fade, que se afasta do cargo, e pelo prefeito Chico Brasileiro A secret\u00e1ria municipal de Sa\u00fade, Jaqueline Tontini, se afasta do cargo para assumir temporariamente a gest\u00e3o da Funda\u00e7\u00e3o Municipal de Sa\u00fade, em substitui\u00e7\u00e3o ao m\u00e9dico Amon Mendes Franco [&hellip;]<\/p>\n","protected":false},"author":2,"featured_media":10392,"comment_status":"open","ping_status":"open","sticky":false,"template":"","format":"standard","meta":{"om_disable_all_campaigns":false,"_monsterinsights_skip_tracking":false,"_monsterinsights_sitenote_active":false,"_monsterinsights_sitenote_note":"","_monsterinsights_sitenote_category":0,"footnotes":""},"categories":[4],"tags":[],"class_list":["post-10391","post","type-post","status-publish","format-standard","has-post-thumbnail","hentry","category-cidade"],"_links":{"self":[{"href":"https:\/\/acontecenafronteira.com.br\/index.php\/wp-json\/wp\/v2\/posts\/10391","targetHints":{"allow":["GET"]}}],"collection":[{"href":"https:\/\/acontecenafronteira.com.br\/index.php\/wp-json\/wp\/v2\/posts"}],"about":[{"href":"https:\/\/acontecenafronteira.com.br\/index.php\/wp-json\/wp\/v2\/types\/post"}],"author":[{"embeddable":true,"href":"https:\/\/acontecenafronteira.com.br\/index.php\/wp-json\/wp\/v2\/users\/2"}],"replies":[{"embeddable":true,"href":"https:\/\/acontecenafronteira.com.br\/index.php\/wp-json\/wp\/v2\/comments?post=10391"}],"version-history":[{"count":1,"href":"https:\/\/acontecenafronteira.com.br\/index.php\/wp-json\/wp\/v2\/posts\/10391\/revisions"}],"predecessor-version":[{"id":10394,"href":"https:\/\/acontecenafronteira.com.br\/index.php\/wp-json\/wp\/v2\/posts\/10391\/revisions\/10394"}],"wp:featuredmedia":[{"embeddable":true,"href":"https:\/\/acontecenafronteira.com.br\/index.php\/wp-json\/wp\/v2\/media\/10392"}],"wp:attachment":[{"href":"https:\/\/acontecenafronteira.com.br\/index.php\/wp-json\/wp\/v2\/media?parent=10391"}],"wp:term":[{"taxonomy":"category","embeddable":true,"href":"https:\/\/acontecenafronteira.com.br\/index.php\/wp-json\/wp\/v2\/categories?post=10391"},{"taxonomy":"post_tag","embeddable":true,"href":"https:\/\/acontecenafronteira.com.br\/index.php\/wp-json\/wp\/v2\/tags?post=10391"}],"curies":[{"name":"wp","href":"https:\/\/api.w.org\/{rel}","templated":true}]}}