{"id":10326,"date":"2022-06-22T12:42:51","date_gmt":"2022-06-22T15:42:51","guid":{"rendered":"https:\/\/acontecenafronteira.com.br\/?p=10326"},"modified":"2022-06-22T12:42:52","modified_gmt":"2022-06-22T15:42:52","slug":"procuradora-geral-e-espancada-por-colega-de-trabalho","status":"publish","type":"post","link":"https:\/\/acontecenafronteira.com.br\/index.php\/2022\/06\/22\/procuradora-geral-e-espancada-por-colega-de-trabalho\/","title":{"rendered":"Procuradora-Geral \u00e9 espancada por colega de trabalho"},"content":{"rendered":"\n<p>Machucada e traumatizada, a procuradora-geral do munic\u00edpio de Registro, no Vale do Ribeira, Gabriela Samadello, de 39 anos, afirmou que, se n\u00e3o tivesse tido ajuda de mais pessoas ao ser agredida pelo colega e tamb\u00e9m procurador Dem\u00e9trius de Macedo, poderia ter morrido com os golpes<\/p>\n\n\n\n<blockquote class=\"wp-block-quote is-layout-flow wp-block-quote-is-layout-flow\"><p>&#8220;Acho que \u00e9 uma coisa muito grave, se as pessoas n\u00e3o estivessem ali para me socorrer, fatalmente n\u00e3o estaria a\u00ed para contar essa hist\u00f3ria, ele teria me espancado at\u00e9 a morte.&#8221; <\/p><\/blockquote>\n\n\n\n<p>As agress\u00f5es ocorreram dentro de uma sala da prefeitura e imagens mostram a sequ\u00eancia de socos e chutes contra Gabriela, que ficou com ferimentos, principalmente na cabe\u00e7a. Outras mulheres tentaram segurar o agressor que trabalhava com Gabriela na procuradoria havia nove anos e era subordinado a ela desde o come\u00e7o deste ano. <\/p>\n\n\n\n<p>A procuradora acredita que Dem\u00e9trius n\u00e3o aceitava ter uma mulher como chefe e afirma que recentemente havia aberto um processo contra ele por destratar uma funcion\u00e1ria da procuradoria. A Prefeitura de Registro afastou o agressor das fun\u00e7\u00f5es na ter\u00e7a-feira (21), com suspens\u00e3o de pagamento do sal\u00e1rio. O caso foi registrado na Delegacia da Mulher. Dem\u00e9trius prestou depoimento e foi liberado.<\/p>\n\n\n\n<p>VIDEO: <a href=\"http:\/\/noticias.r7.com\/sao-paulo\/videos\/procuradora-e-agredida-por-colega-apos-abrir-processo-contra-ele-veja-video-21062022\">http:\/\/noticias.r7.com\/sao-paulo\/videos\/procuradora-e-agredida-por-colega-apos-abrir-processo-contra-ele-veja-video-21062022<\/a><\/p>\n\n\n\n<p>r7<\/p>\n","protected":false},"excerpt":{"rendered":"<p>Machucada e traumatizada, a procuradora-geral do munic\u00edpio de Registro, no Vale do Ribeira, Gabriela Samadello, de 39 anos, afirmou que, se n\u00e3o tivesse tido ajuda de mais pessoas ao ser agredida pelo colega e tamb\u00e9m procurador Dem\u00e9trius de Macedo, poderia ter morrido com os golpes &#8220;Acho que \u00e9 uma coisa muito grave, se as pessoas [&hellip;]<\/p>\n","protected":false},"author":2,"featured_media":10328,"comment_status":"open","ping_status":"open","sticky":false,"template":"","format":"standard","meta":{"om_disable_all_campaigns":false,"_monsterinsights_skip_tracking":false,"_monsterinsights_sitenote_active":false,"_monsterinsights_sitenote_note":"","_monsterinsights_sitenote_category":0,"footnotes":""},"categories":[1],"tags":[],"class_list":["post-10326","post","type-post","status-publish","format-standard","has-post-thumbnail","hentry","category-sem-categoria"],"_links":{"self":[{"href":"https:\/\/acontecenafronteira.com.br\/index.php\/wp-json\/wp\/v2\/posts\/10326","targetHints":{"allow":["GET"]}}],"collection":[{"href":"https:\/\/acontecenafronteira.com.br\/index.php\/wp-json\/wp\/v2\/posts"}],"about":[{"href":"https:\/\/acontecenafronteira.com.br\/index.php\/wp-json\/wp\/v2\/types\/post"}],"author":[{"embeddable":true,"href":"https:\/\/acontecenafronteira.com.br\/index.php\/wp-json\/wp\/v2\/users\/2"}],"replies":[{"embeddable":true,"href":"https:\/\/acontecenafronteira.com.br\/index.php\/wp-json\/wp\/v2\/comments?post=10326"}],"version-history":[{"count":1,"href":"https:\/\/acontecenafronteira.com.br\/index.php\/wp-json\/wp\/v2\/posts\/10326\/revisions"}],"predecessor-version":[{"id":10329,"href":"https:\/\/acontecenafronteira.com.br\/index.php\/wp-json\/wp\/v2\/posts\/10326\/revisions\/10329"}],"wp:featuredmedia":[{"embeddable":true,"href":"https:\/\/acontecenafronteira.com.br\/index.php\/wp-json\/wp\/v2\/media\/10328"}],"wp:attachment":[{"href":"https:\/\/acontecenafronteira.com.br\/index.php\/wp-json\/wp\/v2\/media?parent=10326"}],"wp:term":[{"taxonomy":"category","embeddable":true,"href":"https:\/\/acontecenafronteira.com.br\/index.php\/wp-json\/wp\/v2\/categories?post=10326"},{"taxonomy":"post_tag","embeddable":true,"href":"https:\/\/acontecenafronteira.com.br\/index.php\/wp-json\/wp\/v2\/tags?post=10326"}],"curies":[{"name":"wp","href":"https:\/\/api.w.org\/{rel}","templated":true}]}}