{"id":10315,"date":"2022-06-22T09:48:16","date_gmt":"2022-06-22T12:48:16","guid":{"rendered":"https:\/\/acontecenafronteira.com.br\/?p=10315"},"modified":"2022-06-22T09:48:18","modified_gmt":"2022-06-22T12:48:18","slug":"em-rede-nacional-diretor-geral-brasileiro-fala-sobre-meio-ambiente-gestao-eficaz-e-destaca-historia-da-itaipu","status":"publish","type":"post","link":"https:\/\/acontecenafronteira.com.br\/index.php\/2022\/06\/22\/em-rede-nacional-diretor-geral-brasileiro-fala-sobre-meio-ambiente-gestao-eficaz-e-destaca-historia-da-itaipu\/","title":{"rendered":"Em rede nacional, diretor-geral brasileiro fala sobre meio ambiente, gest\u00e3o eficaz e destaca hist\u00f3ria da Itaipu"},"content":{"rendered":"\n<p><strong>Entrevista ao programa de r\u00e1dio A Voz do Brasil foi veiculada na noite da segunda-feira (20).<\/strong><\/p>\n\n\n\n<p>O diretor-geral brasileiro, Anatalicio Risden Junior, foi o entrevistado dessa segunda-feira (20) do programa \u201cA Voz do Brasil\u201d, que conta com uma audi\u00eancia de 70 milh\u00f5es de ouvintes. Direto do est\u00fadio da EBC, em Bras\u00edlia (DF), ele abordou, entre outros temas, a nova perspectiva da atual administra\u00e7\u00e3o, a qual chamou de \u201cgest\u00e3o racional com austeridade\u201d. Segundo ele, o objetivo foi lan\u00e7ar um novo olhar na administra\u00e7\u00e3o dos recursos da empresa para, de forma mais eficaz, deixar um legado \u00e0 comunidade e \u00e0 na\u00e7\u00e3o.<\/p>\n\n\n\n<p>Mas o principal assunto da entrevista foi o cuidado com o meio ambiente. Risden apresentou os n\u00fameros que fazem da empresa um exemplo internacional em preserva\u00e7\u00e3o, como, por exemplo, os 1.340 km de floresta recuperada ao longo da margem brasileira. \u201cItaipu tem trabalhado desde a d\u00e9cada de 80 na preserva\u00e7\u00e3o das matas ciliares. Eram \u00e1reas de planta\u00e7\u00e3o e de cria\u00e7\u00e3o de animais. Hoje temos fixa\u00e7\u00e3o de carbono nessas \u00e1reas, que foram replantadas. Somos reconhecidos internacionalmente por esse papel\u201d, disse, lembrando dos pr\u00eamios Life (de biodiversidade) e \u00c1gua para a Vida (de melhor gest\u00e3o de recursos h\u00eddricos do mundo em 2015).&nbsp;<\/p>\n\n\n\n<p>O DGB fez quest\u00e3o de ressaltar tamb\u00e9m o trabalho com as microbacias e todo o cuidado com a \u00e1gua que abastece o reservat\u00f3rio. Ele citou, por exemplo, a dedica\u00e7\u00e3o das equipes de educa\u00e7\u00e3o ambiental junto aos produtores rurais dos munic\u00edpios lindeiros, o que garante, al\u00e9m da faixa de 200 metros de mata ciliar, o manejo adequado das propriedades pr\u00f3ximas. <\/p>\n\n\n\n<blockquote class=\"wp-block-quote is-layout-flow wp-block-quote-is-layout-flow\"><p>\u201cTemos 40 anos de dados da qualidade da \u00e1gua do reservat\u00f3rio e de rios da regi\u00e3o. Usamos um sistema de intelig\u00eancia para manuten\u00e7\u00e3o deste recurso que \u00e9 a mat\u00e9ria-prima para gera\u00e7\u00e3o de energia. Isso passa pelos ensinamentos aos agricultores para que eles cuidem do que vai para a \u00e1gua\u201d, comentou.<\/p><\/blockquote>\n\n\n\n<p>Quando questionado se h\u00e1 envolvimento da empresa tamb\u00e9m na aten\u00e7\u00e3o \u00e0 fauna da regi\u00e3o, Risden citou o exemplo do Ref\u00fagio Biol\u00f3gico Bela Vista, que tem ajudado na recupera\u00e7\u00e3o de esp\u00e9cies amea\u00e7adas de extin\u00e7\u00e3o, como harpia e a on\u00e7a-pintada. \u201c\u00c9 um trabalho conjunto com outros \u00f3rg\u00e3os do governo, em que buscamos proteger esses animais. J\u00e1 enviamos, inclusive, harpias para outros zool\u00f3gicos\u201d, comentou.<\/p>\n\n\n\n<p>Outro ponto de destaque da entrevista foi a participa\u00e7\u00e3o da Itaipu no cumprimento dos 17 Objetivos do Desenvolvimento Sustent\u00e1vel (ODS). O diretor-geral brasileiro refor\u00e7ou o compromisso da Itaipu especialmente com os itens 6 (\u00e1gua pot\u00e1vel e saneamento) e 7 (energia limpa e acess\u00edvel), ressaltando, contudo, que \u00e9 uma das poucas empresas do mundo que tem a\u00e7\u00f5es em todas as \u00e1reas que comp\u00f5em a Agenda 2030, da ONU.&nbsp;<\/p>\n\n\n\n<p>E a mem\u00f3ria da Itaipu tamb\u00e9m esteve na pauta. Risden destacou o trabalho do Ecomuseu, que resgata a hist\u00f3ria da empresa e da regi\u00e3o, das a\u00e7\u00f5es tomadas ao longo dos anos desde o in\u00edcio do projeto. Segundo ele, Itaipu nasceu de uma quest\u00e3o diplom\u00e1tica e hoje, 50 anos depois, se mant\u00e9m como uma solu\u00e7\u00e3o binacional de bom relacionamento com o pa\u00eds vizinho, o que precisa ser preservada.<\/p>\n\n\n\n<p><em>Foto:\u00a0Stela Guimar\u00e3es\/Itaipu Binacional<\/em><\/p>\n","protected":false},"excerpt":{"rendered":"<p>Entrevista ao programa de r\u00e1dio A Voz do Brasil foi veiculada na noite da segunda-feira (20). O diretor-geral brasileiro, Anatalicio Risden Junior, foi o entrevistado dessa segunda-feira (20) do programa \u201cA Voz do Brasil\u201d, que conta com uma audi\u00eancia de 70 milh\u00f5es de ouvintes. Direto do est\u00fadio da EBC, em Bras\u00edlia (DF), ele abordou, entre [&hellip;]<\/p>\n","protected":false},"author":2,"featured_media":10316,"comment_status":"open","ping_status":"open","sticky":false,"template":"","format":"standard","meta":{"om_disable_all_campaigns":false,"_monsterinsights_skip_tracking":false,"_monsterinsights_sitenote_active":false,"_monsterinsights_sitenote_note":"","_monsterinsights_sitenote_category":0,"footnotes":""},"categories":[11],"tags":[],"class_list":["post-10315","post","type-post","status-publish","format-standard","has-post-thumbnail","hentry","category-itaipu"],"_links":{"self":[{"href":"https:\/\/acontecenafronteira.com.br\/index.php\/wp-json\/wp\/v2\/posts\/10315","targetHints":{"allow":["GET"]}}],"collection":[{"href":"https:\/\/acontecenafronteira.com.br\/index.php\/wp-json\/wp\/v2\/posts"}],"about":[{"href":"https:\/\/acontecenafronteira.com.br\/index.php\/wp-json\/wp\/v2\/types\/post"}],"author":[{"embeddable":true,"href":"https:\/\/acontecenafronteira.com.br\/index.php\/wp-json\/wp\/v2\/users\/2"}],"replies":[{"embeddable":true,"href":"https:\/\/acontecenafronteira.com.br\/index.php\/wp-json\/wp\/v2\/comments?post=10315"}],"version-history":[{"count":1,"href":"https:\/\/acontecenafronteira.com.br\/index.php\/wp-json\/wp\/v2\/posts\/10315\/revisions"}],"predecessor-version":[{"id":10317,"href":"https:\/\/acontecenafronteira.com.br\/index.php\/wp-json\/wp\/v2\/posts\/10315\/revisions\/10317"}],"wp:featuredmedia":[{"embeddable":true,"href":"https:\/\/acontecenafronteira.com.br\/index.php\/wp-json\/wp\/v2\/media\/10316"}],"wp:attachment":[{"href":"https:\/\/acontecenafronteira.com.br\/index.php\/wp-json\/wp\/v2\/media?parent=10315"}],"wp:term":[{"taxonomy":"category","embeddable":true,"href":"https:\/\/acontecenafronteira.com.br\/index.php\/wp-json\/wp\/v2\/categories?post=10315"},{"taxonomy":"post_tag","embeddable":true,"href":"https:\/\/acontecenafronteira.com.br\/index.php\/wp-json\/wp\/v2\/tags?post=10315"}],"curies":[{"name":"wp","href":"https:\/\/api.w.org\/{rel}","templated":true}]}}