{"id":10307,"date":"2022-06-22T09:43:30","date_gmt":"2022-06-22T12:43:30","guid":{"rendered":"https:\/\/acontecenafronteira.com.br\/?p=10307"},"modified":"2022-06-22T09:44:47","modified_gmt":"2022-06-22T12:44:47","slug":"diretor-geral-brasileiro-da-itaipu-e-eleito-presidente-do-bracier","status":"publish","type":"post","link":"https:\/\/acontecenafronteira.com.br\/index.php\/2022\/06\/22\/diretor-geral-brasileiro-da-itaipu-e-eleito-presidente-do-bracier\/","title":{"rendered":"Diretor-geral brasileiro da Itaipu \u00e9 eleito presidente do Bracier"},"content":{"rendered":"\n<p><strong>Institui\u00e7\u00e3o \u00e9 bra\u00e7o brasileiro da Comiss\u00e3o Internacional sobre Integra\u00e7\u00e3o Energ\u00e9tica, com sede no Uruguai.<\/strong><\/p>\n\n\n\n<p>O diretor-geral brasileiro da Itaipu, Anatalicio Risden Junior, foi eleito presidente do Comit\u00ea Brasileiro (Bracier) da Comiss\u00e3o de Integra\u00e7\u00e3o Energ\u00e9tica Regional (Cier), na \u00faltima quarta-feira (15). Na mesma ocasi\u00e3o, o diretor t\u00e9cnico executivo, David Krug, foi eleito vice-presidente de Gera\u00e7\u00e3o do Bracier.<\/p>\n\n\n\n<p>\u201cO entusiasmo na Itaipu \u00e9 grande com o novo desafio\u201d, afirmou Risden. \u201cVamos dar nosso melhor para promover a bandeira da integra\u00e7\u00e3o eletroenerg\u00e9tica regional, da qual somos um caso de sucesso de quase 50 anos.\u201d<\/p>\n\n\n\n<p>O Bracier \u00e9 a representa\u00e7\u00e3o brasileira da Cier, \u00f3rg\u00e3o sem fins lucrativos que re\u00fane empresas e organismos do setor energ\u00e9tico dos pa\u00edses membros. No Brasil, o \u00f3rg\u00e3o re\u00fane empresas e entidades do setor el\u00e9trico brasileiro, entre elas, o Minist\u00e9rio de Minas e Energia, Operador Nacional do Sistema El\u00e9trico (ONS), Eletrobras e Furnas Centrais El\u00e9tricas.<\/p>\n\n\n\n<p>A miss\u00e3o do comit\u00ea \u00e9 discutir pol\u00edticas de integra\u00e7\u00e3o e complementa\u00e7\u00e3o nas \u00e1reas de gera\u00e7\u00e3o, transmiss\u00e3o e distribui\u00e7\u00e3o de energia, com \u00eanfase na interconex\u00e3o de sistemas el\u00e9tricos, nos interc\u00e2mbios comerciais e nas interdepend\u00eancias energ\u00e9ticas. Tamb\u00e9m promove o interc\u00e2mbio de informa\u00e7\u00f5es e conhecimentos t\u00e9cnicos.<\/p>\n\n\n\n<p>J\u00e1 a Cier tem o objetivo de promover e favorecer a integra\u00e7\u00e3o do setor energ\u00e9tico na regi\u00e3o, por meio de coopera\u00e7\u00e3o m\u00fatua entre os associados. Outros pontos da miss\u00e3o s\u00e3o a gest\u00e3o do conhecimento e a promo\u00e7\u00e3o de neg\u00f3cios sustent\u00e1veis. A sede da Cier \u00e9 em Montevid\u00e9u, no Uruguai e, assim como o Brasil, cada pa\u00eds membro tem um comit\u00ea regional.<\/p>\n\n\n\n<p><em>Cr\u00e9dito foto: Rubens Fraulini\/Itaipu Binacional<\/em><\/p>\n","protected":false},"excerpt":{"rendered":"<p>Institui\u00e7\u00e3o \u00e9 bra\u00e7o brasileiro da Comiss\u00e3o Internacional sobre Integra\u00e7\u00e3o Energ\u00e9tica, com sede no Uruguai. O diretor-geral brasileiro da Itaipu, Anatalicio Risden Junior, foi eleito presidente do Comit\u00ea Brasileiro (Bracier) da Comiss\u00e3o de Integra\u00e7\u00e3o Energ\u00e9tica Regional (Cier), na \u00faltima quarta-feira (15). Na mesma ocasi\u00e3o, o diretor t\u00e9cnico executivo, David Krug, foi eleito vice-presidente de Gera\u00e7\u00e3o do [&hellip;]<\/p>\n","protected":false},"author":2,"featured_media":10308,"comment_status":"open","ping_status":"open","sticky":false,"template":"","format":"standard","meta":{"om_disable_all_campaigns":false,"_monsterinsights_skip_tracking":false,"_monsterinsights_sitenote_active":false,"_monsterinsights_sitenote_note":"","_monsterinsights_sitenote_category":0,"footnotes":""},"categories":[11],"tags":[],"class_list":["post-10307","post","type-post","status-publish","format-standard","has-post-thumbnail","hentry","category-itaipu"],"_links":{"self":[{"href":"https:\/\/acontecenafronteira.com.br\/index.php\/wp-json\/wp\/v2\/posts\/10307","targetHints":{"allow":["GET"]}}],"collection":[{"href":"https:\/\/acontecenafronteira.com.br\/index.php\/wp-json\/wp\/v2\/posts"}],"about":[{"href":"https:\/\/acontecenafronteira.com.br\/index.php\/wp-json\/wp\/v2\/types\/post"}],"author":[{"embeddable":true,"href":"https:\/\/acontecenafronteira.com.br\/index.php\/wp-json\/wp\/v2\/users\/2"}],"replies":[{"embeddable":true,"href":"https:\/\/acontecenafronteira.com.br\/index.php\/wp-json\/wp\/v2\/comments?post=10307"}],"version-history":[{"count":2,"href":"https:\/\/acontecenafronteira.com.br\/index.php\/wp-json\/wp\/v2\/posts\/10307\/revisions"}],"predecessor-version":[{"id":10311,"href":"https:\/\/acontecenafronteira.com.br\/index.php\/wp-json\/wp\/v2\/posts\/10307\/revisions\/10311"}],"wp:featuredmedia":[{"embeddable":true,"href":"https:\/\/acontecenafronteira.com.br\/index.php\/wp-json\/wp\/v2\/media\/10308"}],"wp:attachment":[{"href":"https:\/\/acontecenafronteira.com.br\/index.php\/wp-json\/wp\/v2\/media?parent=10307"}],"wp:term":[{"taxonomy":"category","embeddable":true,"href":"https:\/\/acontecenafronteira.com.br\/index.php\/wp-json\/wp\/v2\/categories?post=10307"},{"taxonomy":"post_tag","embeddable":true,"href":"https:\/\/acontecenafronteira.com.br\/index.php\/wp-json\/wp\/v2\/tags?post=10307"}],"curies":[{"name":"wp","href":"https:\/\/api.w.org\/{rel}","templated":true}]}}