{"id":10240,"date":"2022-06-21T10:32:27","date_gmt":"2022-06-21T13:32:27","guid":{"rendered":"https:\/\/acontecenafronteira.com.br\/?p=10240"},"modified":"2022-06-21T10:32:27","modified_gmt":"2022-06-21T13:32:27","slug":"espetaculo-on-line-aborda-educacao-financeira-com-alunos-da-rede-municipal","status":"publish","type":"post","link":"https:\/\/acontecenafronteira.com.br\/index.php\/2022\/06\/21\/espetaculo-on-line-aborda-educacao-financeira-com-alunos-da-rede-municipal\/","title":{"rendered":"Espet\u00e1culo on-line aborda educa\u00e7\u00e3o financeira com alunos da rede municipal"},"content":{"rendered":"\n<p>Pe\u00e7a teatral \u201cJo\u00e3o e o Porquinho M\u00e1gico\u201d ser\u00e1 apresentada no dia 28 de junho; projeto \u00e9 do Minist\u00e9rio do Turismo e da Secretaria Especial da Cultura em parceria com o SICOOB<\/p>\n\n\n\n<p>Alunos da rede municipal de ensino de Foz do Igua\u00e7u acompanhar\u00e3o, no dia 28 de junho, \u00e0s 15h30, o espet\u00e1culo on-line \u201cJo\u00e3o e o Porquinho M\u00e1gico\u201d, apresentado pela Associa\u00e7\u00e3o Sou Arte (ASA), de Campo Mour\u00e3o.<br><br>A live infantil integra o projeto de Educa\u00e7\u00e3o Financeira, desenvolvido pelo Minist\u00e9rio do Turismo e a&nbsp; &nbsp;Secretaria Especial da Cultura em parceria com o SICOOB. Todas as 50 escolas municipais contam com projetores ou aparelhos de TV para a exibi\u00e7\u00e3o da pe\u00e7a teatral.&nbsp;<br><br>A Secretaria Municipal da Educa\u00e7\u00e3o tamb\u00e9m far\u00e1 um evento simb\u00f3lico para a exibi\u00e7\u00e3o do espet\u00e1culo, no audit\u00f3rio da Acifi (Associa\u00e7\u00e3o Comercial de Foz do Igua\u00e7u), com os 263 alunos da Escola Parigot de Souza, no mesmo dia e hor\u00e1rio.&nbsp;&nbsp;<br><br>O espet\u00e1culo \u201cJo\u00e3o e o Porquinho M\u00e1gico\u201d, tem a dura\u00e7\u00e3o de 40 minutos e envolve elementos do circo, teatro e dan\u00e7a, apresentados por seis artistas profissionais da Associa\u00e7\u00e3o Sou Arte. A pe\u00e7a on-line ser\u00e1 exibida em 13 cidades polos do Paran\u00e1 e tamb\u00e9m em uma cidade do Par\u00e1, a partir da pr\u00f3xima semana.&nbsp;<br><br><strong>Educa\u00e7\u00e3o Financeira<\/strong><\/p>\n\n\n\n<p>A live ser\u00e1 transmitida ao vivo pelo Youtube e abordar\u00e1 assuntos referentes a finan\u00e7as pessoais e sua aplica\u00e7\u00e3o em situa\u00e7\u00f5es di\u00e1rias, de forma l\u00fadica e divertida, direta e objetiva, com linguagem de f\u00e1cil entendimento do conte\u00fado por diferentes faixas et\u00e1rias. Cen\u00e1rios, figurinos e adere\u00e7os tem\u00e1ticos complementam o espet\u00e1culo.<br><br>O objetivo \u00e9 orientar crian\u00e7as sobre o melhor comportamento no que diz respeito a finan\u00e7as pessoais, despertando o interesse do p\u00fablico alvo em aplicar os conhecimentos adquiridos e a desenvolver novos comportamentos acerca da melhor utiliza\u00e7\u00e3o das finan\u00e7as no dia a dia.<br><br>A Associa\u00e7\u00e3o Sou Arte (ASA) est\u00e1 em atividade h\u00e1 17 anos, com intensa atua\u00e7\u00e3o em todo o Paran\u00e1 e tamb\u00e9m nos estados de Santa Catarina, Rio Grande do Sul, S\u00e3o Paulo e Mato Grosso do Sul.<br><br>Link da Live: https:\/\/www.youtube.com\/watch?v=FFVpR9Df6vs<\/p>\n","protected":false},"excerpt":{"rendered":"<p>Pe\u00e7a teatral \u201cJo\u00e3o e o Porquinho M\u00e1gico\u201d ser\u00e1 apresentada no dia 28 de junho; projeto \u00e9 do Minist\u00e9rio do Turismo e da Secretaria Especial da Cultura em parceria com o SICOOB Alunos da rede municipal de ensino de Foz do Igua\u00e7u acompanhar\u00e3o, no dia 28 de junho, \u00e0s 15h30, o espet\u00e1culo on-line \u201cJo\u00e3o e o [&hellip;]<\/p>\n","protected":false},"author":2,"featured_media":10242,"comment_status":"open","ping_status":"open","sticky":false,"template":"","format":"standard","meta":{"om_disable_all_campaigns":false,"_monsterinsights_skip_tracking":false,"_monsterinsights_sitenote_active":false,"_monsterinsights_sitenote_note":"","_monsterinsights_sitenote_category":0,"footnotes":""},"categories":[8],"tags":[],"class_list":["post-10240","post","type-post","status-publish","format-standard","has-post-thumbnail","hentry","category-educaca0"],"_links":{"self":[{"href":"https:\/\/acontecenafronteira.com.br\/index.php\/wp-json\/wp\/v2\/posts\/10240","targetHints":{"allow":["GET"]}}],"collection":[{"href":"https:\/\/acontecenafronteira.com.br\/index.php\/wp-json\/wp\/v2\/posts"}],"about":[{"href":"https:\/\/acontecenafronteira.com.br\/index.php\/wp-json\/wp\/v2\/types\/post"}],"author":[{"embeddable":true,"href":"https:\/\/acontecenafronteira.com.br\/index.php\/wp-json\/wp\/v2\/users\/2"}],"replies":[{"embeddable":true,"href":"https:\/\/acontecenafronteira.com.br\/index.php\/wp-json\/wp\/v2\/comments?post=10240"}],"version-history":[{"count":1,"href":"https:\/\/acontecenafronteira.com.br\/index.php\/wp-json\/wp\/v2\/posts\/10240\/revisions"}],"predecessor-version":[{"id":10243,"href":"https:\/\/acontecenafronteira.com.br\/index.php\/wp-json\/wp\/v2\/posts\/10240\/revisions\/10243"}],"wp:featuredmedia":[{"embeddable":true,"href":"https:\/\/acontecenafronteira.com.br\/index.php\/wp-json\/wp\/v2\/media\/10242"}],"wp:attachment":[{"href":"https:\/\/acontecenafronteira.com.br\/index.php\/wp-json\/wp\/v2\/media?parent=10240"}],"wp:term":[{"taxonomy":"category","embeddable":true,"href":"https:\/\/acontecenafronteira.com.br\/index.php\/wp-json\/wp\/v2\/categories?post=10240"},{"taxonomy":"post_tag","embeddable":true,"href":"https:\/\/acontecenafronteira.com.br\/index.php\/wp-json\/wp\/v2\/tags?post=10240"}],"curies":[{"name":"wp","href":"https:\/\/api.w.org\/{rel}","templated":true}]}}