{"id":10204,"date":"2022-06-20T10:12:53","date_gmt":"2022-06-20T13:12:53","guid":{"rendered":"https:\/\/acontecenafronteira.com.br\/?p=10204"},"modified":"2022-06-20T10:12:54","modified_gmt":"2022-06-20T13:12:54","slug":"seminario-destaca-a-importancia-da-sinergia-e-da-cooperacao-para-chegarmos-ao-desenvolvimento-sustentavel","status":"publish","type":"post","link":"https:\/\/acontecenafronteira.com.br\/index.php\/2022\/06\/20\/seminario-destaca-a-importancia-da-sinergia-e-da-cooperacao-para-chegarmos-ao-desenvolvimento-sustentavel\/","title":{"rendered":"Semin\u00e1rio destaca a import\u00e2ncia da sinergia e da coopera\u00e7\u00e3o para chegarmos ao desenvolvimento sustent\u00e1vel"},"content":{"rendered":"\n<p>Ao longo de tr\u00eas dias, especialistas apresentaram projetos e iniciativas de sucesso na \u00e1rea de \u00e1gua e energia em evento promovido pela usina de Itaipu e a Undesa<\/p>\n\n\n\n<p>Com a participa\u00e7\u00e3o de representantes de 22 pa\u00edses, o primeiro Simp\u00f3sio Global de Solu\u00e7\u00f5es Sustent\u00e1veis para \u00c1gua e Energia, realizado em parceria pela Itaipu Binacional e o Departamento de Assuntos Econ\u00f4micos e Sociais das Na\u00e7\u00f5es Unidas (Undesa), chegou ao fim nesta quarta-feira (15) com uma mensagem de esperan\u00e7a. <\/p>\n\n\n\n<blockquote class=\"wp-block-quote is-layout-flow wp-block-quote-is-layout-flow\"><p>\u201cVimos solu\u00e7\u00f5es em \u00e1gua e energia que n\u00e3o est\u00e3o s\u00f3 no papel, est\u00e3o sendo implementadas. Isso nos mostra como somos capazes de alcan\u00e7ar um desenvolvimento sustent\u00e1vel\u201d, afirmou o l\u00edder da Equipe de Energia Sustent\u00e1vel da Undesa, Minoru Takada.<\/p><\/blockquote>\n\n\n\n<p>O objetivo do Simp\u00f3sio foi compartilhar e explorar, com especialistas e representantes de entes p\u00fablicos e privados, as melhores pr\u00e1ticas em rela\u00e7\u00e3o ao uso sustent\u00e1vel dos recursos. Os debates aconteceram em Foz do Igua\u00e7u (Brasil) e em Hernand\u00e1rias (Paraguai) e trataram de mudan\u00e7as clim\u00e1ticas, conserva\u00e7\u00e3o e aproveitamento com base em novas tecnologias, entre outros temas, em conson\u00e2ncia com os Objetivos de Desenvolvimento Sustent\u00e1vel (ODS) da ONU.<\/p>\n\n\n\n<p>Ao final do evento, Martin Niemetz, especialista em Desenvolvimento Sustent\u00e1vel da Undesa, apresentou uma minuta com as conclus\u00f5es do encontro. Entre os 10 pontos constantes da carta, \u00e9 poss\u00edvel destacar o consenso entre os pa\u00edses participantes (al\u00e9m de Brasil e Paraguai, Arg\u00e9lia, Bol\u00edvia, Emirados \u00c1rabes Unidos, Equador, Espanha, Estados Unidos, Eti\u00f3pia, Filipinas Gana, Guatemala, \u00cdndia, L\u00edbano, Nepal, Om\u00e3, Paquist\u00e3o, Qu\u00e9nia, &nbsp;Sud\u00e3o, Su\u00ed\u00e7a, Tajiquist\u00e3o e Tun\u00edsia) sobre a necessidade de sinergia para a coopera\u00e7\u00e3o na mitiga\u00e7\u00e3o de problemas clim\u00e1ticos; fortalecimento de pol\u00edticas de longo prazo para as quest\u00f5es envolvendo \u00e1gua e energia; e concentra\u00e7\u00e3o de esfor\u00e7os e recursos financeiros para ampliar e acelerar o investimento em solu\u00e7\u00f5es inovadoras, como hidrog\u00eanio verde, por exemplo. O relat\u00f3rio final do encontro dever\u00e1 ser apresentado nos pr\u00f3ximos dias.<\/p>\n\n\n\n<p>Na vis\u00e3o do diretor de Coordena\u00e7\u00e3o brasileiro da Itaipu, Luiz Felipe Carbonell, \u00e9 poss\u00edvel contribuir ainda mais para o debate global nas quest\u00f5es de interesse comum. \u201cPudemos ver exemplos bem-sucedidos de manejo de territ\u00f3rios e de \u00e1gua. Essas iniciativas s\u00e3o fundamentais para estabelecermos estrat\u00e9gias para ultrapassar poss\u00edveis crises\u201d, apontou. Segundo ele, \u00e9 papel da Itaipu Binacional fornecer apoio para os que os dois pa\u00edses possam cumprir as metas globais.<\/p>\n\n\n\n<p>J\u00e1 o diretor de Coordena\u00e7\u00e3o paraguaio de Itaipu, Gustavo Ovelar, refor\u00e7ou a import\u00e2ncia da coopera\u00e7\u00e3o entre a empresa e a Undesa, fortalecida por meio do Simp\u00f3sio, na busca por ferramentas que possam auxiliar o incentivo \u00e0s pol\u00edticas p\u00fablicas vinculadas \u00e0s solu\u00e7\u00f5es sustent\u00e1veis para \u00e1gua e energia.<\/p>\n\n\n\n<p><em>Foto: Rubens Fraulini\/Itaipu Binacional<\/em><\/p>\n","protected":false},"excerpt":{"rendered":"<p>Ao longo de tr\u00eas dias, especialistas apresentaram projetos e iniciativas de sucesso na \u00e1rea de \u00e1gua e energia em evento promovido pela usina de Itaipu e a Undesa Com a participa\u00e7\u00e3o de representantes de 22 pa\u00edses, o primeiro Simp\u00f3sio Global de Solu\u00e7\u00f5es Sustent\u00e1veis para \u00c1gua e Energia, realizado em parceria pela Itaipu Binacional e o [&hellip;]<\/p>\n","protected":false},"author":2,"featured_media":10205,"comment_status":"open","ping_status":"open","sticky":false,"template":"","format":"standard","meta":{"om_disable_all_campaigns":false,"_monsterinsights_skip_tracking":false,"_monsterinsights_sitenote_active":false,"_monsterinsights_sitenote_note":"","_monsterinsights_sitenote_category":0,"footnotes":""},"categories":[11],"tags":[],"class_list":["post-10204","post","type-post","status-publish","format-standard","has-post-thumbnail","hentry","category-itaipu"],"_links":{"self":[{"href":"https:\/\/acontecenafronteira.com.br\/index.php\/wp-json\/wp\/v2\/posts\/10204","targetHints":{"allow":["GET"]}}],"collection":[{"href":"https:\/\/acontecenafronteira.com.br\/index.php\/wp-json\/wp\/v2\/posts"}],"about":[{"href":"https:\/\/acontecenafronteira.com.br\/index.php\/wp-json\/wp\/v2\/types\/post"}],"author":[{"embeddable":true,"href":"https:\/\/acontecenafronteira.com.br\/index.php\/wp-json\/wp\/v2\/users\/2"}],"replies":[{"embeddable":true,"href":"https:\/\/acontecenafronteira.com.br\/index.php\/wp-json\/wp\/v2\/comments?post=10204"}],"version-history":[{"count":1,"href":"https:\/\/acontecenafronteira.com.br\/index.php\/wp-json\/wp\/v2\/posts\/10204\/revisions"}],"predecessor-version":[{"id":10206,"href":"https:\/\/acontecenafronteira.com.br\/index.php\/wp-json\/wp\/v2\/posts\/10204\/revisions\/10206"}],"wp:featuredmedia":[{"embeddable":true,"href":"https:\/\/acontecenafronteira.com.br\/index.php\/wp-json\/wp\/v2\/media\/10205"}],"wp:attachment":[{"href":"https:\/\/acontecenafronteira.com.br\/index.php\/wp-json\/wp\/v2\/media?parent=10204"}],"wp:term":[{"taxonomy":"category","embeddable":true,"href":"https:\/\/acontecenafronteira.com.br\/index.php\/wp-json\/wp\/v2\/categories?post=10204"},{"taxonomy":"post_tag","embeddable":true,"href":"https:\/\/acontecenafronteira.com.br\/index.php\/wp-json\/wp\/v2\/tags?post=10204"}],"curies":[{"name":"wp","href":"https:\/\/api.w.org\/{rel}","templated":true}]}}