{"id":10193,"date":"2022-06-20T10:02:48","date_gmt":"2022-06-20T13:02:48","guid":{"rendered":"https:\/\/acontecenafronteira.com.br\/?p=10193"},"modified":"2022-06-20T10:02:49","modified_gmt":"2022-06-20T13:02:49","slug":"trecho-da-general-meira-sera-interditado-para-fresagem-e-pavimentacao","status":"publish","type":"post","link":"https:\/\/acontecenafronteira.com.br\/index.php\/2022\/06\/20\/trecho-da-general-meira-sera-interditado-para-fresagem-e-pavimentacao\/","title":{"rendered":"Trecho da General Meira ser\u00e1 interditado para fresagem e pavimenta\u00e7\u00e3o"},"content":{"rendered":"\n<p>A partir desta semana, haver\u00e1 bloqueio no tr\u00e2nsito por quadra para a realiza\u00e7\u00e3o dos servi\u00e7os<\/p>\n\n\n\n<p>A partir desta segunda-feira (20), as obras de revitaliza\u00e7\u00e3o da Avenida General Meira entram em uma nova etapa, e o tr\u00e2nsito precisar\u00e1 ser interrompido para a fresagem e aplica\u00e7\u00e3o da capa asf\u00e1ltica. O primeiro trecho que ser\u00e1 interditado ser\u00e1 entre a Avenida Morenitas at\u00e9 a Avenida Safira.<br><br>De acordo com a Secretaria Municipal de Obras, as interdi\u00e7\u00f5es de tr\u00e2nsitos ser\u00e3o feitas por quadras, para evitar mais transtornos aos motoristas e pedestres que utilizam a via. Ser\u00e1 feita a pavimenta\u00e7\u00e3o tanto da avenida quanto da nova ciclovia da General Meira.&nbsp;<br><br>As equipes da Guarda Municipal e do Instituto de Transportes e Tr\u00e2nsito de Foz do Igua\u00e7u &#8211; Foztrans dar\u00e3o apoio durante a interdi\u00e7\u00e3o para orientar os motoristas, que dever\u00e3o utilizar rotas alternativas durante as obras.&nbsp;<br><br>\u201cJ\u00e1 conversamos com a empresa respons\u00e1vel pelas obras para que essas interdi\u00e7\u00f5es sejam de menor dura\u00e7\u00e3o poss\u00edvel, mas assim como em qualquer obra, sempre existe algum transtorno\u201d, afirma o secret\u00e1rio municipal de Obras, C\u00e9zar Furlan.&nbsp;<br><br><strong>Revitaliza\u00e7\u00e3o<br><br><\/strong>As obras na Avenida General Meira &#8211; uma das principais vias do corredor tur\u00edstico de Foz do Igua\u00e7u &#8211; iniciaram no final de mar\u00e7o deste ano. A obra foi dividida em seis etapas. De acordo com o secret\u00e1rio, na \u00faltima semana a empresa finalizou a instala\u00e7\u00e3o dos meio-fios.&nbsp;<br><br>A avenida tem 4,5 quil\u00f4metros de extens\u00e3o e o investimento da Prefeitura de Foz do Igua\u00e7u para a execu\u00e7\u00e3o da revitaliza\u00e7\u00e3o \u00e9 de R$ 4,7 milh\u00f5es.<\/p>\n","protected":false},"excerpt":{"rendered":"<p>A partir desta semana, haver\u00e1 bloqueio no tr\u00e2nsito por quadra para a realiza\u00e7\u00e3o dos servi\u00e7os A partir desta segunda-feira (20), as obras de revitaliza\u00e7\u00e3o da Avenida General Meira entram em uma nova etapa, e o tr\u00e2nsito precisar\u00e1 ser interrompido para a fresagem e aplica\u00e7\u00e3o da capa asf\u00e1ltica. O primeiro trecho que ser\u00e1 interditado ser\u00e1 entre [&hellip;]<\/p>\n","protected":false},"author":2,"featured_media":10195,"comment_status":"open","ping_status":"open","sticky":false,"template":"","format":"standard","meta":{"om_disable_all_campaigns":false,"_monsterinsights_skip_tracking":false,"_monsterinsights_sitenote_active":false,"_monsterinsights_sitenote_note":"","_monsterinsights_sitenote_category":0,"footnotes":""},"categories":[4],"tags":[],"class_list":["post-10193","post","type-post","status-publish","format-standard","has-post-thumbnail","hentry","category-cidade"],"_links":{"self":[{"href":"https:\/\/acontecenafronteira.com.br\/index.php\/wp-json\/wp\/v2\/posts\/10193","targetHints":{"allow":["GET"]}}],"collection":[{"href":"https:\/\/acontecenafronteira.com.br\/index.php\/wp-json\/wp\/v2\/posts"}],"about":[{"href":"https:\/\/acontecenafronteira.com.br\/index.php\/wp-json\/wp\/v2\/types\/post"}],"author":[{"embeddable":true,"href":"https:\/\/acontecenafronteira.com.br\/index.php\/wp-json\/wp\/v2\/users\/2"}],"replies":[{"embeddable":true,"href":"https:\/\/acontecenafronteira.com.br\/index.php\/wp-json\/wp\/v2\/comments?post=10193"}],"version-history":[{"count":1,"href":"https:\/\/acontecenafronteira.com.br\/index.php\/wp-json\/wp\/v2\/posts\/10193\/revisions"}],"predecessor-version":[{"id":10196,"href":"https:\/\/acontecenafronteira.com.br\/index.php\/wp-json\/wp\/v2\/posts\/10193\/revisions\/10196"}],"wp:featuredmedia":[{"embeddable":true,"href":"https:\/\/acontecenafronteira.com.br\/index.php\/wp-json\/wp\/v2\/media\/10195"}],"wp:attachment":[{"href":"https:\/\/acontecenafronteira.com.br\/index.php\/wp-json\/wp\/v2\/media?parent=10193"}],"wp:term":[{"taxonomy":"category","embeddable":true,"href":"https:\/\/acontecenafronteira.com.br\/index.php\/wp-json\/wp\/v2\/categories?post=10193"},{"taxonomy":"post_tag","embeddable":true,"href":"https:\/\/acontecenafronteira.com.br\/index.php\/wp-json\/wp\/v2\/tags?post=10193"}],"curies":[{"name":"wp","href":"https:\/\/api.w.org\/{rel}","templated":true}]}}