{"id":10152,"date":"2022-06-17T10:42:41","date_gmt":"2022-06-17T13:42:41","guid":{"rendered":"https:\/\/acontecenafronteira.com.br\/?p=10152"},"modified":"2022-06-17T10:42:41","modified_gmt":"2022-06-17T13:42:41","slug":"inscricoes-para-o-premio-paulo-freire-comecam-no-dia-27-de-junho","status":"publish","type":"post","link":"https:\/\/acontecenafronteira.com.br\/index.php\/2022\/06\/17\/inscricoes-para-o-premio-paulo-freire-comecam-no-dia-27-de-junho\/","title":{"rendered":"Inscri\u00e7\u00f5es para o Pr\u00eamio Paulo Freire come\u00e7am no dia 27 de junho"},"content":{"rendered":"\n<p>Decreto que institui a Comiss\u00e3o Avaliadora do concurso foi publicado nesta ter\u00e7a-feira no Di\u00e1rio Oficial do Munic\u00edpio<\/p>\n\n\n\n<p>Professores da rede municipal de ensino de Foz do Igua\u00e7u j\u00e1 podem organizar os projetos que ser\u00e3o inscritos na 14\u00aa edi\u00e7\u00e3o do Pr\u00eamio Paulo Freire, o concurso desenvolvido pela Secretaria Municipal da Educa\u00e7\u00e3o que reconhece as boas pr\u00e1ticas desenvolvidas em salas de aula e valoriza as iniciativas dos profissionais da Educa\u00e7\u00e3o Infantil, Ensino Fundamental e Educa\u00e7\u00e3o de Jovens e Adultos (EJA) \u2013 Fase 1.&nbsp;<br><br>\u201cAl\u00e9m de valorizar os profissionais da educa\u00e7\u00e3o, o pr\u00eamio promove a melhoria da qualidade do ensino p\u00fablico, estimulando professores e gestores a programarem novas situa\u00e7\u00f5es de aprendizagem e diferentes possibilidades de amplia\u00e7\u00e3o do conhecimento, por meio de experi\u00eancias bem sucedidas\u201d, afirma a secret\u00e1ria da pasta, Maria Justina da Silva.&nbsp;&nbsp;<br><br>As inscri\u00e7\u00f5es come\u00e7am no dia 27 de junho e seguem at\u00e9 o dia 6 de julho exclusivamente pelo Portal do N\u00facleo de Tecnologia Educacional (ead.pti.org.br\/ntm). Os autores poder\u00e3o inscrever os projetos dentro das categorias: Livre; Meio Ambiente\/Sustentabilidade; Hist\u00f3ria, Patrim\u00f4nio e Cultura e Gest\u00e3o Escolar. \u00c9 necess\u00e1rio postar, no ambiente virtual, os trabalhos escritos, fotos, v\u00eddeos e demais documentos comprobat\u00f3rios para aprecia\u00e7\u00e3o da Comiss\u00e3o Avaliadora e, ap\u00f3s o resultado da premia\u00e7\u00e3o, ser\u00e1 aberto para aprecia\u00e7\u00e3o p\u00fablica. N\u00e3o poder\u00e3o concorrer ao pr\u00eamio experi\u00eancias premiadas em edi\u00e7\u00f5es anteriores.&nbsp;<br><br>O trabalho dever\u00e1 ter no m\u00ednimo, 10 p\u00e1ginas e, no m\u00e1ximo, 20 p\u00e1ginas, n\u00e3o se computando, nesse c\u00e1lculo, as p\u00e1ginas referentes aos seguintes itens: capa, folha de rosto, sum\u00e1rio e anexo. O modelo, com a estrutura, ser\u00e1 disponibilizado no ambiente virtual do NTM (ead.pti.org.br\/ntm). Todos os inscritos tamb\u00e9m participar\u00e3o de uma forma\u00e7\u00e3o com a Smed sobre como escrever e estruturar o trabalho.<br><br>O projeto dever\u00e1 ter a dura\u00e7\u00e3o de quatro meses (agosto a novembro). As apresenta\u00e7\u00f5es est\u00e3o previstas para o m\u00eas de dezembro, podendo ser realizada em mais de um dia, em raz\u00e3o do n\u00famero de projetos inscritos. A Comiss\u00e3o Avaliadora definir\u00e1 as datas e comunicar\u00e1 os participantes.<br><br><strong>Comiss\u00e3o Avaliadora<br><br><\/strong>Nesta ter\u00e7a-feira (14) foi publicado no Di\u00e1rio Oficial do Munic\u00edpio o decreto que institui a Comiss\u00e3o Avaliadora do Pr\u00eamio Paulo Freire, composta por docentes que atuam no Ensino Superior e autoridades\/ personalidades p\u00fablicas, conhecidas por sua atua\u00e7\u00e3o competente no campo da educa\u00e7\u00e3o b\u00e1sica.&nbsp;<br><br>Compete \u00e0 comiss\u00e3o subsidiar os inscritos durante o processo de elabora\u00e7\u00e3o do projeto cient\u00edfico; realizar visitas \u00e0s unidades escolares, para observa\u00e7\u00e3o do desenvolvimento do projeto; compor a banca avaliadora e selecionar as melhores experi\u00eancias, de acordo com os crit\u00e9rios elencados no art. 22 do Decreto n o 30.260, de 18 de maio de 2022.<br><br><strong>Premia\u00e7\u00e3o<br><br><\/strong>Ser\u00e3o premiados os melhores projetos, sendo at\u00e9 tr\u00eas iniciativas por categoria. Os pr\u00eamios variam de R$ 4 mil a R$ 6 mil por projeto. Todos os inscritos receber\u00e3o certificados de participa\u00e7\u00e3o, emitidos pela secretaria.<\/p>\n","protected":false},"excerpt":{"rendered":"<p>Decreto que institui a Comiss\u00e3o Avaliadora do concurso foi publicado nesta ter\u00e7a-feira no Di\u00e1rio Oficial do Munic\u00edpio Professores da rede municipal de ensino de Foz do Igua\u00e7u j\u00e1 podem organizar os projetos que ser\u00e3o inscritos na 14\u00aa edi\u00e7\u00e3o do Pr\u00eamio Paulo Freire, o concurso desenvolvido pela Secretaria Municipal da Educa\u00e7\u00e3o que reconhece as boas pr\u00e1ticas [&hellip;]<\/p>\n","protected":false},"author":2,"featured_media":10154,"comment_status":"open","ping_status":"open","sticky":false,"template":"","format":"standard","meta":{"om_disable_all_campaigns":false,"_monsterinsights_skip_tracking":false,"_monsterinsights_sitenote_active":false,"_monsterinsights_sitenote_note":"","_monsterinsights_sitenote_category":0,"footnotes":""},"categories":[4],"tags":[],"class_list":["post-10152","post","type-post","status-publish","format-standard","has-post-thumbnail","hentry","category-cidade"],"_links":{"self":[{"href":"https:\/\/acontecenafronteira.com.br\/index.php\/wp-json\/wp\/v2\/posts\/10152","targetHints":{"allow":["GET"]}}],"collection":[{"href":"https:\/\/acontecenafronteira.com.br\/index.php\/wp-json\/wp\/v2\/posts"}],"about":[{"href":"https:\/\/acontecenafronteira.com.br\/index.php\/wp-json\/wp\/v2\/types\/post"}],"author":[{"embeddable":true,"href":"https:\/\/acontecenafronteira.com.br\/index.php\/wp-json\/wp\/v2\/users\/2"}],"replies":[{"embeddable":true,"href":"https:\/\/acontecenafronteira.com.br\/index.php\/wp-json\/wp\/v2\/comments?post=10152"}],"version-history":[{"count":1,"href":"https:\/\/acontecenafronteira.com.br\/index.php\/wp-json\/wp\/v2\/posts\/10152\/revisions"}],"predecessor-version":[{"id":10155,"href":"https:\/\/acontecenafronteira.com.br\/index.php\/wp-json\/wp\/v2\/posts\/10152\/revisions\/10155"}],"wp:featuredmedia":[{"embeddable":true,"href":"https:\/\/acontecenafronteira.com.br\/index.php\/wp-json\/wp\/v2\/media\/10154"}],"wp:attachment":[{"href":"https:\/\/acontecenafronteira.com.br\/index.php\/wp-json\/wp\/v2\/media?parent=10152"}],"wp:term":[{"taxonomy":"category","embeddable":true,"href":"https:\/\/acontecenafronteira.com.br\/index.php\/wp-json\/wp\/v2\/categories?post=10152"},{"taxonomy":"post_tag","embeddable":true,"href":"https:\/\/acontecenafronteira.com.br\/index.php\/wp-json\/wp\/v2\/tags?post=10152"}],"curies":[{"name":"wp","href":"https:\/\/api.w.org\/{rel}","templated":true}]}}