{"id":10136,"date":"2022-06-17T10:35:25","date_gmt":"2022-06-17T13:35:25","guid":{"rendered":"https:\/\/acontecenafronteira.com.br\/?p=10136"},"modified":"2022-06-17T10:35:26","modified_gmt":"2022-06-17T13:35:26","slug":"novo-viaduto-em-foz-do-iguacu-tera-alteracoes-no-trafego-a-partir-de-terca-feira","status":"publish","type":"post","link":"https:\/\/acontecenafronteira.com.br\/index.php\/2022\/06\/17\/novo-viaduto-em-foz-do-iguacu-tera-alteracoes-no-trafego-a-partir-de-terca-feira\/","title":{"rendered":"Novo viaduto em Foz do Igua\u00e7u ter\u00e1 altera\u00e7\u00f5es no tr\u00e1fego a partir de ter\u00e7a-feira"},"content":{"rendered":"\n<p>Acesso a Foz do Igua\u00e7u, \u00e0 Argentina e \u00e0s Cataratas do Igua\u00e7u ser\u00e1 modificado a partir da pr\u00f3xima semana. V\u00eddeo explica com detalhes as mudan\u00e7as no trecho.<\/p>\n\n\n\n<p>Os desvios s\u00e3o necess\u00e1rios para garantir o prosseguimento dos servi\u00e7os do novo viaduto no entroncamento entre a Rodovia das Cataratas (BR-469) e a Avenida Mercosul, parte da obra de implanta\u00e7\u00e3o da nova rodovia de acesso \u00e0 Ponte da Integra\u00e7\u00e3o Brasil \u2013 Paraguai.<\/p>\n\n\n\n<p>As altera\u00e7\u00f5es permanecem enquanto a obra estiver em andamento, com o tr\u00e1fego de ve\u00edculos sendo modificado novamente assim que o viaduto for liberado.<\/p>\n\n\n\n<p><strong>Parceria<\/strong><\/p>\n\n\n\n<p>A nova rodovia e a Ponte da Integra\u00e7\u00e3o Brasil \u2013 Paraguai s\u00e3o resultado da parceria entre Governo do Paran\u00e1, governo federal e a Itaipu Binacional, sendo a execu\u00e7\u00e3o das obras de responsabilidade do DER\/PR, com recursos da hidrel\u00e9trica.<\/p>\n\n\n\n<p>Dentro dessa mesma parceria, devem iniciar em breve, em Foz do Igua\u00e7u, a obra de nova ilumina\u00e7\u00e3o vi\u00e1ria da BR-277 no per\u00edmetro urbano do munic\u00edpio, e j\u00e1 conta com classifica\u00e7\u00e3o final a licita\u00e7\u00e3o da duplica\u00e7\u00e3o da Rodovia das Cataratas, entre o trevo atualmente em obras e a entrada do Parque Nacional Igua\u00e7u.<\/p>\n\n\n\n<figure class=\"wp-block-embed is-type-video is-provider-youtube wp-block-embed-youtube wp-embed-aspect-16-9 wp-has-aspect-ratio\"><div class=\"wp-block-embed__wrapper\">\nhttps:\/\/www.youtube.com\/watch?v=fGQX1UIZ5Cc\n<\/div><\/figure>\n\n\n\n<p>Foto: DER\/PR<br>Via: Portal da Cidade Foz do Igua\u00e7u<\/p>\n","protected":false},"excerpt":{"rendered":"<p>Acesso a Foz do Igua\u00e7u, \u00e0 Argentina e \u00e0s Cataratas do Igua\u00e7u ser\u00e1 modificado a partir da pr\u00f3xima semana. V\u00eddeo explica com detalhes as mudan\u00e7as no trecho. Os desvios s\u00e3o necess\u00e1rios para garantir o prosseguimento dos servi\u00e7os do novo viaduto no entroncamento entre a Rodovia das Cataratas (BR-469) e a Avenida Mercosul, parte da obra [&hellip;]<\/p>\n","protected":false},"author":2,"featured_media":10137,"comment_status":"open","ping_status":"open","sticky":false,"template":"","format":"standard","meta":{"om_disable_all_campaigns":false,"_monsterinsights_skip_tracking":false,"_monsterinsights_sitenote_active":false,"_monsterinsights_sitenote_note":"","_monsterinsights_sitenote_category":0,"footnotes":""},"categories":[4,14],"tags":[],"class_list":["post-10136","post","type-post","status-publish","format-standard","has-post-thumbnail","hentry","category-cidade","category-obras"],"_links":{"self":[{"href":"https:\/\/acontecenafronteira.com.br\/index.php\/wp-json\/wp\/v2\/posts\/10136","targetHints":{"allow":["GET"]}}],"collection":[{"href":"https:\/\/acontecenafronteira.com.br\/index.php\/wp-json\/wp\/v2\/posts"}],"about":[{"href":"https:\/\/acontecenafronteira.com.br\/index.php\/wp-json\/wp\/v2\/types\/post"}],"author":[{"embeddable":true,"href":"https:\/\/acontecenafronteira.com.br\/index.php\/wp-json\/wp\/v2\/users\/2"}],"replies":[{"embeddable":true,"href":"https:\/\/acontecenafronteira.com.br\/index.php\/wp-json\/wp\/v2\/comments?post=10136"}],"version-history":[{"count":1,"href":"https:\/\/acontecenafronteira.com.br\/index.php\/wp-json\/wp\/v2\/posts\/10136\/revisions"}],"predecessor-version":[{"id":10138,"href":"https:\/\/acontecenafronteira.com.br\/index.php\/wp-json\/wp\/v2\/posts\/10136\/revisions\/10138"}],"wp:featuredmedia":[{"embeddable":true,"href":"https:\/\/acontecenafronteira.com.br\/index.php\/wp-json\/wp\/v2\/media\/10137"}],"wp:attachment":[{"href":"https:\/\/acontecenafronteira.com.br\/index.php\/wp-json\/wp\/v2\/media?parent=10136"}],"wp:term":[{"taxonomy":"category","embeddable":true,"href":"https:\/\/acontecenafronteira.com.br\/index.php\/wp-json\/wp\/v2\/categories?post=10136"},{"taxonomy":"post_tag","embeddable":true,"href":"https:\/\/acontecenafronteira.com.br\/index.php\/wp-json\/wp\/v2\/tags?post=10136"}],"curies":[{"name":"wp","href":"https:\/\/api.w.org\/{rel}","templated":true}]}}